{"id":50482,"date":"2025-11-24T06:00:33","date_gmt":"2025-11-24T09:00:33","guid":{"rendered":"http:\/\/masquenoticiastucuman.com.ar\/?p=50482"},"modified":"2025-11-24T06:00:33","modified_gmt":"2025-11-24T09:00:33","slug":"el-curioso-fenomeno-del-fandom-hiperactivo-los-fans-que-comentan-las-series-mas-que-lo-que-las-miran","status":"publish","type":"post","link":"https:\/\/masquenoticiastucuman.com.ar\/?p=50482","title":{"rendered":"El curioso fen\u00f3meno del fandom hiperactivo: los fans que comentan las series m\u00e1s que lo que las miran"},"content":{"rendered":"<ul>\n<li>Grupos de Telegram, TikTok y X marcan tendencias y anticipan finales. <\/li>\n<li>Esta tendencia redefine c\u00f3mo se hace y se disfruta la ficci\u00f3n: el p\u00fablico pas\u00f3 de mirar a co-crear, presionando a guionistas y productores. <\/li>\n<li>La pasi\u00f3n compartida de los fans es parte del espect\u00e1culo mismo, que se construye en redes y foros.<\/li>\n<li>En la m\u00fasica, Taylor Swift es la nave insignia de esta corriente de fanatismo y fidelidad de sus seguidores.  <\/li>\n<\/ul>\n<p>\u200bGrupos de Telegram, TikTok y X marcan tendencias y anticipan finales. Esta tendencia redefine c\u00f3mo se hace y se disfruta la ficci\u00f3n: el p\u00fablico pas\u00f3 de mirar a co-crear, presionando a guionistas y productores. La pasi\u00f3n compartida de los fans es parte del espect\u00e1culo mismo, que se construye en redes y foros.En la m\u00fasica, Taylor Swift es la nave insignia de esta corriente de fanatismo y fidelidad de sus seguidores.\u00a0<a href=\"https:\/\/www.clarin.com\/espectaculos\/curioso-fenomeno-fandom-hiperactivo-fans-comentan-series-miran_0_pogaeMFJfg.html\" target=\"_blank\" class=\"feedzy-rss-link-icon\">Read More<\/a><\/p>","protected":false},"excerpt":{"rendered":"<p>Grupos de Telegram, TikTok y X marcan tendencias y anticipan finales. Esta tendencia redefine c\u00f3mo&#8230;<\/p>\n","protected":false},"author":1,"featured_media":50483,"comment_status":"open","ping_status":"open","sticky":false,"template":"","format":"standard","meta":{"footnotes":""},"categories":[5],"tags":[],"class_list":["post-50482","post","type-post","status-publish","format-standard","has-post-thumbnail","hentry","category-espectaculo"],"_links":{"self":[{"href":"https:\/\/masquenoticiastucuman.com.ar\/index.php?rest_route=\/wp\/v2\/posts\/50482","targetHints":{"allow":["GET"]}}],"collection":[{"href":"https:\/\/masquenoticiastucuman.com.ar\/index.php?rest_route=\/wp\/v2\/posts"}],"about":[{"href":"https:\/\/masquenoticiastucuman.com.ar\/index.php?rest_route=\/wp\/v2\/types\/post"}],"author":[{"embeddable":true,"href":"https:\/\/masquenoticiastucuman.com.ar\/index.php?rest_route=\/wp\/v2\/users\/1"}],"replies":[{"embeddable":true,"href":"https:\/\/masquenoticiastucuman.com.ar\/index.php?rest_route=%2Fwp%2Fv2%2Fcomments&post=50482"}],"version-history":[{"count":0,"href":"https:\/\/masquenoticiastucuman.com.ar\/index.php?rest_route=\/wp\/v2\/posts\/50482\/revisions"}],"wp:featuredmedia":[{"embeddable":true,"href":"https:\/\/masquenoticiastucuman.com.ar\/index.php?rest_route=\/wp\/v2\/media\/50483"}],"wp:attachment":[{"href":"https:\/\/masquenoticiastucuman.com.ar\/index.php?rest_route=%2Fwp%2Fv2%2Fmedia&parent=50482"}],"wp:term":[{"taxonomy":"category","embeddable":true,"href":"https:\/\/masquenoticiastucuman.com.ar\/index.php?rest_route=%2Fwp%2Fv2%2Fcategories&post=50482"},{"taxonomy":"post_tag","embeddable":true,"href":"https:\/\/masquenoticiastucuman.com.ar\/index.php?rest_route=%2Fwp%2Fv2%2Ftags&post=50482"}],"curies":[{"name":"wp","href":"https:\/\/api.w.org\/{rel}","templated":true}]}}