{"id":50489,"date":"2025-11-24T08:07:06","date_gmt":"2025-11-24T11:07:06","guid":{"rendered":"http:\/\/masquenoticiastucuman.com.ar\/?p=50489"},"modified":"2025-11-24T08:07:06","modified_gmt":"2025-11-24T11:07:06","slug":"espana-renuncio-el-fiscal-general-del-estado-tras-ser-condenado-por-filtrar-informacion-reservada","status":"publish","type":"post","link":"https:\/\/masquenoticiastucuman.com.ar\/?p=50489","title":{"rendered":"Espa\u00f1a: renunci\u00f3 el fiscal general del Estado tras ser condenado por filtrar informaci\u00f3n reservada"},"content":{"rendered":"<ul>\n<li>Este caso sin precedentes supone un duro golpe para el gobierno de coalici\u00f3n de Pedro S\u00e1nchez.<\/li>\n<li>S\u00e1nchez nombr\u00f3 a \u00c1lvaro Garc\u00eda Ortiz en 2022 y ha defendido su inocencia en repetidas ocasiones.<\/li>\n<\/ul>\n<p>\u200bEste caso sin precedentes supone un duro golpe para el gobierno de coalici\u00f3n de Pedro S\u00e1nchez.S\u00e1nchez nombr\u00f3 a \u00c1lvaro Garc\u00eda Ortiz en 2022 y ha defendido su inocencia en repetidas ocasiones.\u00a0<a href=\"https:\/\/www.clarin.com\/mundo\/espana-renuncio-fiscal-general-estado-condenado-filtrar-informacion-reservada_0_Ytxxg83jty.html\" target=\"_blank\" class=\"feedzy-rss-link-icon\">Read More<\/a><\/p>","protected":false},"excerpt":{"rendered":"<p>Este caso sin precedentes supone un duro golpe para el gobierno de coalici\u00f3n de Pedro&#8230;<\/p>\n","protected":false},"author":1,"featured_media":50490,"comment_status":"open","ping_status":"open","sticky":false,"template":"","format":"standard","meta":{"footnotes":""},"categories":[4],"tags":[],"class_list":["post-50489","post","type-post","status-publish","format-standard","has-post-thumbnail","hentry","category-internacionales"],"_links":{"self":[{"href":"https:\/\/masquenoticiastucuman.com.ar\/index.php?rest_route=\/wp\/v2\/posts\/50489","targetHints":{"allow":["GET"]}}],"collection":[{"href":"https:\/\/masquenoticiastucuman.com.ar\/index.php?rest_route=\/wp\/v2\/posts"}],"about":[{"href":"https:\/\/masquenoticiastucuman.com.ar\/index.php?rest_route=\/wp\/v2\/types\/post"}],"author":[{"embeddable":true,"href":"https:\/\/masquenoticiastucuman.com.ar\/index.php?rest_route=\/wp\/v2\/users\/1"}],"replies":[{"embeddable":true,"href":"https:\/\/masquenoticiastucuman.com.ar\/index.php?rest_route=%2Fwp%2Fv2%2Fcomments&post=50489"}],"version-history":[{"count":0,"href":"https:\/\/masquenoticiastucuman.com.ar\/index.php?rest_route=\/wp\/v2\/posts\/50489\/revisions"}],"wp:featuredmedia":[{"embeddable":true,"href":"https:\/\/masquenoticiastucuman.com.ar\/index.php?rest_route=\/wp\/v2\/media\/50490"}],"wp:attachment":[{"href":"https:\/\/masquenoticiastucuman.com.ar\/index.php?rest_route=%2Fwp%2Fv2%2Fmedia&parent=50489"}],"wp:term":[{"taxonomy":"category","embeddable":true,"href":"https:\/\/masquenoticiastucuman.com.ar\/index.php?rest_route=%2Fwp%2Fv2%2Fcategories&post=50489"},{"taxonomy":"post_tag","embeddable":true,"href":"https:\/\/masquenoticiastucuman.com.ar\/index.php?rest_route=%2Fwp%2Fv2%2Ftags&post=50489"}],"curies":[{"name":"wp","href":"https:\/\/api.w.org\/{rel}","templated":true}]}}