{"id":50491,"date":"2025-11-24T08:34:58","date_gmt":"2025-11-24T11:34:58","guid":{"rendered":"http:\/\/masquenoticiastucuman.com.ar\/?p=50491"},"modified":"2025-11-24T08:34:58","modified_gmt":"2025-11-24T11:34:58","slug":"el-arbitro-dovalo-informara-al-tribunal-de-disciplina-el-espaldazo-de-estudiantes-al-campeon-designado-rosario-central-no-se-cumplio-el-protocolo","status":"publish","type":"post","link":"https:\/\/masquenoticiastucuman.com.ar\/?p=50491","title":{"rendered":"El \u00e1rbitro D\u00f3valo informar\u00e1 al Tribunal de Disciplina el &#8220;espaldazo&#8221; de Estudiantes al campe\u00f3n designado Rosario Central: &#8220;No se cumpli\u00f3 el protocolo&#8221;"},"content":{"rendered":"<ul>\n<li>El juez dio su visi\u00f3n de lo ocurrido en la previa del partido de los octavos de final del Torneo Clausura.<\/li>\n<li>El posteo del presidente Juan Sebasti\u00e1n Ver\u00f3n y qu\u00e9 sanci\u00f3n puede caberle al Pincha.<\/li>\n<\/ul>\n<p>\u200bEl juez dio su visi\u00f3n de lo ocurrido en la previa del partido de los octavos de final del Torneo Clausura.El posteo del presidente Juan Sebasti\u00e1n Ver\u00f3n y qu\u00e9 sanci\u00f3n puede caberle al Pincha.\u00a0<a href=\"https:\/\/www.clarin.com\/deportes\/arbitro-dovalo-informara-tribunal-disciplina-espaldazo-estudiantes-campeon-designado-rosario-central-cumplio-protocolo_0_LhjAmbHbfI.html\" target=\"_blank\" class=\"feedzy-rss-link-icon\">Read More<\/a><\/p>","protected":false},"excerpt":{"rendered":"<p>El juez dio su visi\u00f3n de lo ocurrido en la previa del partido de los&#8230;<\/p>\n","protected":false},"author":1,"featured_media":0,"comment_status":"open","ping_status":"open","sticky":false,"template":"","format":"standard","meta":{"footnotes":""},"categories":[6],"tags":[],"class_list":["post-50491","post","type-post","status-publish","format-standard","has-post-thumbnail","hentry","category-deportes"],"_links":{"self":[{"href":"https:\/\/masquenoticiastucuman.com.ar\/index.php?rest_route=\/wp\/v2\/posts\/50491","targetHints":{"allow":["GET"]}}],"collection":[{"href":"https:\/\/masquenoticiastucuman.com.ar\/index.php?rest_route=\/wp\/v2\/posts"}],"about":[{"href":"https:\/\/masquenoticiastucuman.com.ar\/index.php?rest_route=\/wp\/v2\/types\/post"}],"author":[{"embeddable":true,"href":"https:\/\/masquenoticiastucuman.com.ar\/index.php?rest_route=\/wp\/v2\/users\/1"}],"replies":[{"embeddable":true,"href":"https:\/\/masquenoticiastucuman.com.ar\/index.php?rest_route=%2Fwp%2Fv2%2Fcomments&post=50491"}],"version-history":[{"count":0,"href":"https:\/\/masquenoticiastucuman.com.ar\/index.php?rest_route=\/wp\/v2\/posts\/50491\/revisions"}],"wp:attachment":[{"href":"https:\/\/masquenoticiastucuman.com.ar\/index.php?rest_route=%2Fwp%2Fv2%2Fmedia&parent=50491"}],"wp:term":[{"taxonomy":"category","embeddable":true,"href":"https:\/\/masquenoticiastucuman.com.ar\/index.php?rest_route=%2Fwp%2Fv2%2Fcategories&post=50491"},{"taxonomy":"post_tag","embeddable":true,"href":"https:\/\/masquenoticiastucuman.com.ar\/index.php?rest_route=%2Fwp%2Fv2%2Ftags&post=50491"}],"curies":[{"name":"wp","href":"https:\/\/api.w.org\/{rel}","templated":true}]}}