{"id":50492,"date":"2025-11-24T07:00:30","date_gmt":"2025-11-24T10:00:30","guid":{"rendered":"http:\/\/masquenoticiastucuman.com.ar\/?p=50492"},"modified":"2025-11-24T07:00:30","modified_gmt":"2025-11-24T10:00:30","slug":"stranger-things-5-vol-1-en-netflix-cuando-sale-horario-de-estreno-por-pais-episodios-cast-y-de-que-trata-la-temporada-final-de-la-serie","status":"publish","type":"post","link":"https:\/\/masquenoticiastucuman.com.ar\/?p=50492","title":{"rendered":"Stranger Things 5 &#8211; Vol. 1 en Netflix: cu\u00e1ndo sale, horario de estreno por pa\u00eds, episodios, cast y de qu\u00e9 trata la temporada final de la serie"},"content":{"rendered":"<ul>\n<li>La quinta y \u00faltima temporada del fen\u00f3meno de Netflix est\u00e1 lista para desatar la batalla final contra Vecna.<\/li>\n<li>Conoce los detallesdel Volumen 1, los horarios de estreno y c\u00f3mo se prepara el cast para una despedida que promete ser \u00e9pica, oscura y muy emotiva.<\/li>\n<\/ul>\n<p>\u200bLa quinta y \u00faltima temporada del fen\u00f3meno de Netflix est\u00e1 lista para desatar la batalla final contra Vecna.Conoce los detallesdel Volumen 1, los horarios de estreno y c\u00f3mo se prepara el cast para una despedida que promete ser \u00e9pica, oscura y muy emotiva.\u00a0<a href=\"https:\/\/www.clarin.com\/estados-unidos\/stranger-things-5-vol-1-netflix-sale-horario-estreno-pais-episodios-cast-trata-temporada-final-serie_0_NJxX6mkrbp.html\" target=\"_blank\" class=\"feedzy-rss-link-icon\">Read More<\/a><\/p>","protected":false},"excerpt":{"rendered":"<p>La quinta y \u00faltima temporada del fen\u00f3meno de Netflix est\u00e1 lista para desatar la batalla&#8230;<\/p>\n","protected":false},"author":1,"featured_media":50493,"comment_status":"open","ping_status":"open","sticky":false,"template":"","format":"standard","meta":{"footnotes":""},"categories":[5],"tags":[],"class_list":["post-50492","post","type-post","status-publish","format-standard","has-post-thumbnail","hentry","category-espectaculo"],"_links":{"self":[{"href":"https:\/\/masquenoticiastucuman.com.ar\/index.php?rest_route=\/wp\/v2\/posts\/50492","targetHints":{"allow":["GET"]}}],"collection":[{"href":"https:\/\/masquenoticiastucuman.com.ar\/index.php?rest_route=\/wp\/v2\/posts"}],"about":[{"href":"https:\/\/masquenoticiastucuman.com.ar\/index.php?rest_route=\/wp\/v2\/types\/post"}],"author":[{"embeddable":true,"href":"https:\/\/masquenoticiastucuman.com.ar\/index.php?rest_route=\/wp\/v2\/users\/1"}],"replies":[{"embeddable":true,"href":"https:\/\/masquenoticiastucuman.com.ar\/index.php?rest_route=%2Fwp%2Fv2%2Fcomments&post=50492"}],"version-history":[{"count":0,"href":"https:\/\/masquenoticiastucuman.com.ar\/index.php?rest_route=\/wp\/v2\/posts\/50492\/revisions"}],"wp:featuredmedia":[{"embeddable":true,"href":"https:\/\/masquenoticiastucuman.com.ar\/index.php?rest_route=\/wp\/v2\/media\/50493"}],"wp:attachment":[{"href":"https:\/\/masquenoticiastucuman.com.ar\/index.php?rest_route=%2Fwp%2Fv2%2Fmedia&parent=50492"}],"wp:term":[{"taxonomy":"category","embeddable":true,"href":"https:\/\/masquenoticiastucuman.com.ar\/index.php?rest_route=%2Fwp%2Fv2%2Fcategories&post=50492"},{"taxonomy":"post_tag","embeddable":true,"href":"https:\/\/masquenoticiastucuman.com.ar\/index.php?rest_route=%2Fwp%2Fv2%2Ftags&post=50492"}],"curies":[{"name":"wp","href":"https:\/\/api.w.org\/{rel}","templated":true}]}}