{"id":50494,"date":"2025-11-24T10:13:07","date_gmt":"2025-11-24T13:13:07","guid":{"rendered":"https:\/\/masquenoticiastucuman.com.ar\/?p=50494"},"modified":"2025-11-24T10:13:07","modified_gmt":"2025-11-24T13:13:07","slug":"el-jueves-27-arranca-el-pago-del-sueldo-de-noviembre-para-estatales","status":"publish","type":"post","link":"https:\/\/masquenoticiastucuman.com.ar\/?p=50494","title":{"rendered":"El jueves 27 arranca el pago del sueldo de noviembre para estatales"},"content":{"rendered":"\n<p>Desde el ministerio de Econom\u00eda, anunciaron que los primeros en pasar a cobrar ser\u00e1n los trabajadores de la salud, IPV e IPSST.<\/p>\n\n\n\n<p id=\"isPasted\">De acuerdo a lo informado por la Secretar\u00eda de Hacienda, dependiente de Tesorer\u00eda General de la Provincia, el pr\u00f3ximo jueves los trabajadores estatales podr\u00e1n pasar por los cajeros autom\u00e1ticos a cobrar la parte proporcional (20%) del sueldo del mes de noviembre:<\/p>\n\n\n\n<p><strong>Cronograma de pagos<\/strong><strong><\/strong><\/p>\n\n\n\n<p><strong>Jueves 27 de noviembre:<\/strong><\/p>\n\n\n\n<p id=\"isPasted\">-Sistema Provincial De Salud (Si.Pro.Sa.)<\/p>\n\n\n\n<p>-Instituto Provincial De La Vivienda<\/p>\n\n\n\n<p>-Instituto Provincial De Lucha Contra El Alcoholismo<\/p>\n\n\n\n<p><strong>Viernes 28 de noviembre:<\/strong><\/p>\n\n\n\n<p id=\"isPasted\">-Seguridad ( Dpto. Gral. De Polic\u00eda-Direc. Gral. De Institutos Penales)<\/p>\n\n\n\n<p>-Administraci\u00f3n C E N T R A L<\/p>\n\n\n\n<p>-Defensor\u00eda Del Pueblo<\/p>\n\n\n\n<p>-Tribunal De Cuentas<\/p>\n\n\n\n<p>-Tribunal Fiscal De Apelaci\u00f3n<\/p>\n\n\n\n<p>-Poder Legislativo<\/p>\n\n\n\n<p>-Direcci\u00f3n Provincial De Vialidad (D.P.V.)<\/p>\n\n\n\n<p><strong>S\u00e1bado 29 de noviembre:<\/strong><\/p>\n\n\n\n<p id=\"isPasted\">&#8211; Comunas Rurales<\/p>\n\n\n\n<p>-Poder Judicial (Ctro. Jud. Concepci\u00f3n-Ctro. Judicial Monteros-Corte Suprema De Just.-Just. Paz Legal)<\/p>\n\n\n\n<p>-Ministerio P\u00fablico Fiscal<\/p>\n\n\n\n<p>-Ministerio Pupilar Y De La Defensa<\/p>\n\n\n\n<p>&#8211; Municipios Del Interior<\/p>\n\n\n\n<p>-Direcci\u00f3n Recursos H\u00eddricos<\/p>\n\n\n\n<p>-Ente Aut\u00e1rquico Tucum\u00e1n Turismo<\/p>\n\n\n\n<p>-Ente Cultural De Tucum\u00e1n<\/p>\n\n\n\n<p>-Instituto Provincial Acci\u00f3n Cooperativa Y Mutual (I.P.A.C.Y.M.)<\/p>\n\n\n\n<p>-Servicio Provincial De Agua Potable Y Saneamiento (S.E.P.A.P.Y.S.)<\/p>\n\n\n\n<p>-Ente \u00danico De Reg.De Servic.Pub.Pcial. (E.R.S.E.P.T.)<\/p>\n\n\n\n<p>-Instituto Desarrollo Productivo<\/p>\n\n\n\n<p>-Ente Infraestructura Comunitaria<\/p>\n\n\n\n<p>-Inst. Promociona Del Az\u00facar Y Alcohol<\/p>\n\n\n\n<p>-Ente Autarq. Teatro Mercedes Sosa<\/p>\n","protected":false},"excerpt":{"rendered":"<p>Desde el ministerio de Econom\u00eda, anunciaron que los primeros en pasar a cobrar ser\u00e1n los&#8230;<\/p>\n","protected":false},"author":2,"featured_media":50495,"comment_status":"open","ping_status":"open","sticky":false,"template":"","format":"standard","meta":{"footnotes":""},"categories":[2],"tags":[],"class_list":["post-50494","post","type-post","status-publish","format-standard","has-post-thumbnail","hentry","category-locales"],"_links":{"self":[{"href":"https:\/\/masquenoticiastucuman.com.ar\/index.php?rest_route=\/wp\/v2\/posts\/50494","targetHints":{"allow":["GET"]}}],"collection":[{"href":"https:\/\/masquenoticiastucuman.com.ar\/index.php?rest_route=\/wp\/v2\/posts"}],"about":[{"href":"https:\/\/masquenoticiastucuman.com.ar\/index.php?rest_route=\/wp\/v2\/types\/post"}],"author":[{"embeddable":true,"href":"https:\/\/masquenoticiastucuman.com.ar\/index.php?rest_route=\/wp\/v2\/users\/2"}],"replies":[{"embeddable":true,"href":"https:\/\/masquenoticiastucuman.com.ar\/index.php?rest_route=%2Fwp%2Fv2%2Fcomments&post=50494"}],"version-history":[{"count":1,"href":"https:\/\/masquenoticiastucuman.com.ar\/index.php?rest_route=\/wp\/v2\/posts\/50494\/revisions"}],"predecessor-version":[{"id":50496,"href":"https:\/\/masquenoticiastucuman.com.ar\/index.php?rest_route=\/wp\/v2\/posts\/50494\/revisions\/50496"}],"wp:featuredmedia":[{"embeddable":true,"href":"https:\/\/masquenoticiastucuman.com.ar\/index.php?rest_route=\/wp\/v2\/media\/50495"}],"wp:attachment":[{"href":"https:\/\/masquenoticiastucuman.com.ar\/index.php?rest_route=%2Fwp%2Fv2%2Fmedia&parent=50494"}],"wp:term":[{"taxonomy":"category","embeddable":true,"href":"https:\/\/masquenoticiastucuman.com.ar\/index.php?rest_route=%2Fwp%2Fv2%2Fcategories&post=50494"},{"taxonomy":"post_tag","embeddable":true,"href":"https:\/\/masquenoticiastucuman.com.ar\/index.php?rest_route=%2Fwp%2Fv2%2Ftags&post=50494"}],"curies":[{"name":"wp","href":"https:\/\/api.w.org\/{rel}","templated":true}]}}