{"id":50497,"date":"2025-11-24T10:16:57","date_gmt":"2025-11-24T13:16:57","guid":{"rendered":"https:\/\/masquenoticiastucuman.com.ar\/?p=50497"},"modified":"2025-11-24T10:16:58","modified_gmt":"2025-11-24T13:16:58","slug":"las-provincias-ultiman-detalles-para-dar-vida-a-la-noche-de-las-casas-de-provincia-en-caba","status":"publish","type":"post","link":"https:\/\/masquenoticiastucuman.com.ar\/?p=50497","title":{"rendered":"Las provincias ultiman detalles para dar vida a La Noche de las Casas de Provincia en CABA"},"content":{"rendered":"\n<p>La Casa de la Provincia de Tucum\u00e1n, representaci\u00f3n ubicada en la capital del pa\u00eds, presentar\u00e1 pe\u00f1as y degustaciones hasta espect\u00e1culos y exposiciones de artistas emergentes, turismo y producci\u00f3n.<\/p>\n\n\n\n<p id=\"isPasted\">Las provincias de todo el pa\u00eds se preparan para desplegar, el pr\u00f3ximo&nbsp;<strong>27 de noviembre<\/strong>, una nueva edici\u00f3n de&nbsp;<strong>La Noche de las Casas de Provincia en la Ciudad de Buenos Aires<\/strong>, una iniciativa federal que busca visibilizar el arte, la cultura, la gastronom\u00eda, el turismo y la producci\u00f3n regional ante miles de vecinos y visitantes.<\/p>\n\n\n\n<p>Este a\u00f1o, la jornada representa la 12\u00b0 edici\u00f3n \u2014que se extender\u00e1&nbsp;<strong>de 18 a 00 h<\/strong>\u2014 contar\u00e1 con un fuerte&nbsp;<strong>apoyo institucional del Gobierno de la Ciudad de Buenos Aires<\/strong>, que acompa\u00f1a y facilita el despliegue log\u00edstico para que cada representaci\u00f3n provincial pueda mostrar lo mejor de su identidad en espacios accesibles, ordenados y abiertos a todo p\u00fablico.<\/p>\n\n\n\n<h3 class=\"wp-block-heading\"><strong>Un evento que consolida el federalismo cultural<\/strong><\/h3>\n\n\n\n<p>La organizaci\u00f3n cuenta, una vez m\u00e1s, con el protagonismo del&nbsp;<strong>Consejo Federal de Inversiones (CFI)<\/strong>, actor clave en la promoci\u00f3n del desarrollo regional, y con la posibilidad de integrar a&nbsp;<strong>CONFEDRO (Consejo Federal de Representaciones Oficiales)<\/strong>&nbsp;como organismo articulador entre las casas de provincia, reforzando as\u00ed la mirada federal del encuentro.<\/p>\n\n\n\n<p>La Noche de las Casas de Provincia se sostiene sobre una clara decisi\u00f3n pol\u00edtica de cada jurisdicci\u00f3n: invertir en cultura, respaldar a sus artistas, promover su gastronom\u00eda y difundir la potencia tur\u00edstica y productiva de cada regi\u00f3n.<\/p>\n\n\n\n<p>Desde m\u00fasica en vivo y degustaciones t\u00edpicas hasta exhibiciones artesanales, experiencias inmersivas y muestras art\u00edsticas, las casas provinciales se convertir\u00e1n en aut\u00e9nticos centros culturales ef\u00edmeros con un \u00fanico objetivo: acercar el pa\u00eds al coraz\u00f3n porte\u00f1o.<\/p>\n\n\n\n<h3 class=\"wp-block-heading\"><strong>Tres circuitos para recorrer el pa\u00eds en una sola noche<\/strong><\/h3>\n\n\n\n<p>Para facilitar el recorrido, la organizaci\u00f3n propone&nbsp;<strong>tres circuitos tem\u00e1ticos<\/strong>&nbsp;que permitir\u00e1n recorrer distintas regiones del mapa nacional sin salir de la Ciudad:<\/p>\n\n\n\n<p><strong>\u2022 Circuito 1&nbsp;<\/strong><br>Incluye a las representaciones de&nbsp;<strong>Corrientes, Neuqu\u00e9n, R\u00edo Negro, Santa Cruz, Santa fe, Santiago del Estero, Tierra del Fuego y Tucum\u00e1n<\/strong>, con propuestas que van desde pe\u00f1as y degustaciones hasta espect\u00e1culos y exposiciones de artistas emergentes, turismo y producci\u00f3n.<\/p>\n\n\n\n<p><strong>\u2022 Circuito 2&nbsp;<\/strong><br>Participan&nbsp;<strong>Chubut, Entre R\u00edos, Jujuy, Misiones, Salta y San Juan<\/strong>, con una fuerte impronta gastron\u00f3mica, muestras de artesan\u00edas regionales, danza, m\u00fasica tradicional y presentaciones de destinos tur\u00edsticos.<\/p>\n\n\n\n<p><strong>\u2022 Circuito 3&nbsp;<\/strong><br>Re\u00fane a&nbsp;<strong>Buenos Aires, Chaco, C\u00f3rdoba, La Rioja, Mendoza y San Luis<\/strong>, que ofrecer\u00e1n degustaciones de productos, exhibiciones sobre rutas esc\u00e9nicas, actividades culturales y experiencias vinculadas al turismo aventura.<\/p>\n\n\n\n<h3 class=\"wp-block-heading\"><strong>Un puente entre regiones y ciudadan\u00eda<\/strong><\/h3>\n\n\n\n<p>La Noche de las Casas de Provincia ya es una cita anual esperada por el p\u00fablico y una plataforma clave para que las provincias refuercen su presencia en Buenos Aires. Su realizaci\u00f3n refleja un trabajo conjunto entre organismos nacionales, gobiernos provinciales y la Ciudad, que entienden este evento como un puente cultural y productivo entre las regiones y los ciudadanos.<\/p>\n\n\n\n<p>El 27 de noviembre, desde las 18 y hasta la medianoche, Buenos Aires volver\u00e1 a transformarse en un mapa federal a cielo abierto, donde cada casa provincial contar\u00e1 su historia, mostrar\u00e1 su riqueza y abrir\u00e1 las puertas para que todos puedan recorrer el pa\u00eds sin salir de la ciudad.<\/p>\n","protected":false},"excerpt":{"rendered":"<p>La Casa de la Provincia de Tucum\u00e1n, representaci\u00f3n ubicada en la capital del pa\u00eds, presentar\u00e1&#8230;<\/p>\n","protected":false},"author":2,"featured_media":50498,"comment_status":"open","ping_status":"open","sticky":false,"template":"","format":"standard","meta":{"footnotes":""},"categories":[2],"tags":[],"class_list":["post-50497","post","type-post","status-publish","format-standard","has-post-thumbnail","hentry","category-locales"],"_links":{"self":[{"href":"https:\/\/masquenoticiastucuman.com.ar\/index.php?rest_route=\/wp\/v2\/posts\/50497","targetHints":{"allow":["GET"]}}],"collection":[{"href":"https:\/\/masquenoticiastucuman.com.ar\/index.php?rest_route=\/wp\/v2\/posts"}],"about":[{"href":"https:\/\/masquenoticiastucuman.com.ar\/index.php?rest_route=\/wp\/v2\/types\/post"}],"author":[{"embeddable":true,"href":"https:\/\/masquenoticiastucuman.com.ar\/index.php?rest_route=\/wp\/v2\/users\/2"}],"replies":[{"embeddable":true,"href":"https:\/\/masquenoticiastucuman.com.ar\/index.php?rest_route=%2Fwp%2Fv2%2Fcomments&post=50497"}],"version-history":[{"count":1,"href":"https:\/\/masquenoticiastucuman.com.ar\/index.php?rest_route=\/wp\/v2\/posts\/50497\/revisions"}],"predecessor-version":[{"id":50499,"href":"https:\/\/masquenoticiastucuman.com.ar\/index.php?rest_route=\/wp\/v2\/posts\/50497\/revisions\/50499"}],"wp:featuredmedia":[{"embeddable":true,"href":"https:\/\/masquenoticiastucuman.com.ar\/index.php?rest_route=\/wp\/v2\/media\/50498"}],"wp:attachment":[{"href":"https:\/\/masquenoticiastucuman.com.ar\/index.php?rest_route=%2Fwp%2Fv2%2Fmedia&parent=50497"}],"wp:term":[{"taxonomy":"category","embeddable":true,"href":"https:\/\/masquenoticiastucuman.com.ar\/index.php?rest_route=%2Fwp%2Fv2%2Fcategories&post=50497"},{"taxonomy":"post_tag","embeddable":true,"href":"https:\/\/masquenoticiastucuman.com.ar\/index.php?rest_route=%2Fwp%2Fv2%2Ftags&post=50497"}],"curies":[{"name":"wp","href":"https:\/\/api.w.org\/{rel}","templated":true}]}}