{"id":50500,"date":"2025-11-24T09:58:34","date_gmt":"2025-11-24T12:58:34","guid":{"rendered":"http:\/\/masquenoticiastucuman.com.ar\/?p=50500"},"modified":"2025-11-24T09:58:34","modified_gmt":"2025-11-24T12:58:34","slug":"el-acuerdo-propuesto-por-trump-con-ucrania-es-una-verguenza","status":"publish","type":"post","link":"https:\/\/masquenoticiastucuman.com.ar\/?p=50500","title":{"rendered":"El acuerdo propuesto por Trump con Ucrania es una verg\u00fcenza"},"content":{"rendered":"<ul>\n<li>Si Ucrania se ve obligada a aceptar estas condiciones antes del jueves, el D\u00eda de Acci\u00f3n de Gracias dejar\u00e1 de ser una festividad estadounidense. <\/li>\n<li>Se convertir\u00e1 en una festividad rusa.<\/li>\n<\/ul>\n<p>\u200bSi Ucrania se ve obligada a aceptar estas condiciones antes del jueves, el D\u00eda de Acci\u00f3n de Gracias dejar\u00e1 de ser una festividad estadounidense. Se convertir\u00e1 en una festividad rusa.\u00a0<a href=\"https:\/\/www.clarin.com\/new-york-times-international-weekly\/acuerdo-propuesto-trump-ucrania-verguenza_0_Pbd0YntXQ1.html\" target=\"_blank\" class=\"feedzy-rss-link-icon\">Read More<\/a><\/p>","protected":false},"excerpt":{"rendered":"<p>Si Ucrania se ve obligada a aceptar estas condiciones antes del jueves, el D\u00eda de&#8230;<\/p>\n","protected":false},"author":1,"featured_media":50501,"comment_status":"open","ping_status":"open","sticky":false,"template":"","format":"standard","meta":{"footnotes":""},"categories":[4],"tags":[],"class_list":["post-50500","post","type-post","status-publish","format-standard","has-post-thumbnail","hentry","category-internacionales"],"_links":{"self":[{"href":"https:\/\/masquenoticiastucuman.com.ar\/index.php?rest_route=\/wp\/v2\/posts\/50500","targetHints":{"allow":["GET"]}}],"collection":[{"href":"https:\/\/masquenoticiastucuman.com.ar\/index.php?rest_route=\/wp\/v2\/posts"}],"about":[{"href":"https:\/\/masquenoticiastucuman.com.ar\/index.php?rest_route=\/wp\/v2\/types\/post"}],"author":[{"embeddable":true,"href":"https:\/\/masquenoticiastucuman.com.ar\/index.php?rest_route=\/wp\/v2\/users\/1"}],"replies":[{"embeddable":true,"href":"https:\/\/masquenoticiastucuman.com.ar\/index.php?rest_route=%2Fwp%2Fv2%2Fcomments&post=50500"}],"version-history":[{"count":0,"href":"https:\/\/masquenoticiastucuman.com.ar\/index.php?rest_route=\/wp\/v2\/posts\/50500\/revisions"}],"wp:featuredmedia":[{"embeddable":true,"href":"https:\/\/masquenoticiastucuman.com.ar\/index.php?rest_route=\/wp\/v2\/media\/50501"}],"wp:attachment":[{"href":"https:\/\/masquenoticiastucuman.com.ar\/index.php?rest_route=%2Fwp%2Fv2%2Fmedia&parent=50500"}],"wp:term":[{"taxonomy":"category","embeddable":true,"href":"https:\/\/masquenoticiastucuman.com.ar\/index.php?rest_route=%2Fwp%2Fv2%2Fcategories&post=50500"},{"taxonomy":"post_tag","embeddable":true,"href":"https:\/\/masquenoticiastucuman.com.ar\/index.php?rest_route=%2Fwp%2Fv2%2Ftags&post=50500"}],"curies":[{"name":"wp","href":"https:\/\/api.w.org\/{rel}","templated":true}]}}