{"id":50505,"date":"2025-11-24T10:22:57","date_gmt":"2025-11-24T13:22:57","guid":{"rendered":"http:\/\/masquenoticiastucuman.com.ar\/?p=50505"},"modified":"2025-11-24T10:22:57","modified_gmt":"2025-11-24T13:22:57","slug":"lo-que-viene-lo-nuevo-de-stranger-things-encabeza-los-estrenos-de-la-semana-en-el-streaming","status":"publish","type":"post","link":"https:\/\/masquenoticiastucuman.com.ar\/?p=50505","title":{"rendered":"Lo que viene: lo nuevo de &#8220;Stranger Things&#8221; encabeza los estrenos de la semana en el streaming"},"content":{"rendered":"<ul>\n<li>Este mi\u00e9rcoles llega a Netflix la quinta y \u00faltima temporada de este hit de la plataforma. <\/li>\n<li>Y todo lo que se suma a los diferentes cat\u00e1logos entre el lunes 24 y el domingo 30 de noviembre.<\/li>\n<\/ul>\n<p>\u200bEste mi\u00e9rcoles llega a Netflix la quinta y \u00faltima temporada de este hit de la plataforma. Y todo lo que se suma a los diferentes cat\u00e1logos entre el lunes 24 y el domingo 30 de noviembre.\u00a0<a href=\"https:\/\/www.clarin.com\/espectaculos\/viene-nuevo-stranger-things-encabeza-estrenos-semana-streaming_0_pvBn65OtyH.html\" target=\"_blank\" class=\"feedzy-rss-link-icon\">Read More<\/a><\/p>","protected":false},"excerpt":{"rendered":"<p>Este mi\u00e9rcoles llega a Netflix la quinta y \u00faltima temporada de este hit de la&#8230;<\/p>\n","protected":false},"author":1,"featured_media":50506,"comment_status":"open","ping_status":"open","sticky":false,"template":"","format":"standard","meta":{"footnotes":""},"categories":[5],"tags":[],"class_list":["post-50505","post","type-post","status-publish","format-standard","has-post-thumbnail","hentry","category-espectaculo"],"_links":{"self":[{"href":"https:\/\/masquenoticiastucuman.com.ar\/index.php?rest_route=\/wp\/v2\/posts\/50505","targetHints":{"allow":["GET"]}}],"collection":[{"href":"https:\/\/masquenoticiastucuman.com.ar\/index.php?rest_route=\/wp\/v2\/posts"}],"about":[{"href":"https:\/\/masquenoticiastucuman.com.ar\/index.php?rest_route=\/wp\/v2\/types\/post"}],"author":[{"embeddable":true,"href":"https:\/\/masquenoticiastucuman.com.ar\/index.php?rest_route=\/wp\/v2\/users\/1"}],"replies":[{"embeddable":true,"href":"https:\/\/masquenoticiastucuman.com.ar\/index.php?rest_route=%2Fwp%2Fv2%2Fcomments&post=50505"}],"version-history":[{"count":0,"href":"https:\/\/masquenoticiastucuman.com.ar\/index.php?rest_route=\/wp\/v2\/posts\/50505\/revisions"}],"wp:featuredmedia":[{"embeddable":true,"href":"https:\/\/masquenoticiastucuman.com.ar\/index.php?rest_route=\/wp\/v2\/media\/50506"}],"wp:attachment":[{"href":"https:\/\/masquenoticiastucuman.com.ar\/index.php?rest_route=%2Fwp%2Fv2%2Fmedia&parent=50505"}],"wp:term":[{"taxonomy":"category","embeddable":true,"href":"https:\/\/masquenoticiastucuman.com.ar\/index.php?rest_route=%2Fwp%2Fv2%2Fcategories&post=50505"},{"taxonomy":"post_tag","embeddable":true,"href":"https:\/\/masquenoticiastucuman.com.ar\/index.php?rest_route=%2Fwp%2Fv2%2Ftags&post=50505"}],"curies":[{"name":"wp","href":"https:\/\/api.w.org\/{rel}","templated":true}]}}