{"id":50508,"date":"2025-11-24T11:41:22","date_gmt":"2025-11-24T14:41:22","guid":{"rendered":"http:\/\/masquenoticiastucuman.com.ar\/?p=50508"},"modified":"2025-11-24T11:41:22","modified_gmt":"2025-11-24T14:41:22","slug":"el-lado-b-de-la-produccion-record-de-trigo-el-precio-a-cosecha-es-menor-al-del-ano-pasado","status":"publish","type":"post","link":"https:\/\/masquenoticiastucuman.com.ar\/?p=50508","title":{"rendered":"El lado B de la producci\u00f3n r\u00e9cord de trigo: el precio a cosecha es menor al del a\u00f1o pasado"},"content":{"rendered":"<ul>\n<li>Para que le trigo sea rentable en la zona n\u00facleo, los productores deben conseguir rindes de m\u00e1s de 60 quintales en campo alquilado.<\/li>\n<li>Son c\u00e1lculos de la Bolsa de Comercio de Rosario.<\/li>\n<\/ul>\n<p><\/p>\n<p>\u200bPara que le trigo sea rentable en la zona n\u00facleo, los productores deben conseguir rindes de m\u00e1s de 60 quintales en campo alquilado.Son c\u00e1lculos de la Bolsa de Comercio de Rosario.\u00a0<a href=\"https:\/\/www.clarin.com\/rural\/lado-b-cosecha-record-trigo-precio-cosecha-ubica-debajo-registrado-ano-pasado_0_VMaOgHzN1t.html\" target=\"_blank\" class=\"feedzy-rss-link-icon\">Read More<\/a><\/p>","protected":false},"excerpt":{"rendered":"<p>Para que le trigo sea rentable en la zona n\u00facleo, los productores deben conseguir rindes&#8230;<\/p>\n","protected":false},"author":1,"featured_media":0,"comment_status":"open","ping_status":"open","sticky":false,"template":"","format":"standard","meta":{"footnotes":""},"categories":[3],"tags":[],"class_list":["post-50508","post","type-post","status-publish","format-standard","has-post-thumbnail","hentry","category-nacionales"],"_links":{"self":[{"href":"https:\/\/masquenoticiastucuman.com.ar\/index.php?rest_route=\/wp\/v2\/posts\/50508","targetHints":{"allow":["GET"]}}],"collection":[{"href":"https:\/\/masquenoticiastucuman.com.ar\/index.php?rest_route=\/wp\/v2\/posts"}],"about":[{"href":"https:\/\/masquenoticiastucuman.com.ar\/index.php?rest_route=\/wp\/v2\/types\/post"}],"author":[{"embeddable":true,"href":"https:\/\/masquenoticiastucuman.com.ar\/index.php?rest_route=\/wp\/v2\/users\/1"}],"replies":[{"embeddable":true,"href":"https:\/\/masquenoticiastucuman.com.ar\/index.php?rest_route=%2Fwp%2Fv2%2Fcomments&post=50508"}],"version-history":[{"count":0,"href":"https:\/\/masquenoticiastucuman.com.ar\/index.php?rest_route=\/wp\/v2\/posts\/50508\/revisions"}],"wp:attachment":[{"href":"https:\/\/masquenoticiastucuman.com.ar\/index.php?rest_route=%2Fwp%2Fv2%2Fmedia&parent=50508"}],"wp:term":[{"taxonomy":"category","embeddable":true,"href":"https:\/\/masquenoticiastucuman.com.ar\/index.php?rest_route=%2Fwp%2Fv2%2Fcategories&post=50508"},{"taxonomy":"post_tag","embeddable":true,"href":"https:\/\/masquenoticiastucuman.com.ar\/index.php?rest_route=%2Fwp%2Fv2%2Ftags&post=50508"}],"curies":[{"name":"wp","href":"https:\/\/api.w.org\/{rel}","templated":true}]}}