{"id":50509,"date":"2025-11-24T11:30:51","date_gmt":"2025-11-24T14:30:51","guid":{"rendered":"http:\/\/masquenoticiastucuman.com.ar\/?p=50509"},"modified":"2025-11-24T11:30:51","modified_gmt":"2025-11-24T14:30:51","slug":"la-corte-suprema-de-brasil-ratifica-la-orden-de-mantener-a-jair-bolsonaro-encarcelado","status":"publish","type":"post","link":"https:\/\/masquenoticiastucuman.com.ar\/?p=50509","title":{"rendered":"La Corte Suprema de Brasil ratifica la orden de mantener a Jair Bolsonaro encarcelado"},"content":{"rendered":"<ul>\n<li>La Corte reuni\u00f3 mayor\u00eda entre sus miembros para refrendar la orden de detenci\u00f3n preventiva dictada el s\u00e1bado.<\/li>\n<li>Para los jueces, hay riesgo de fuga luego de que Bolsonaro intentara quitarse la tobillera electr\u00f3nica. <\/li>\n<\/ul>\n<p>\u200bLa Corte reuni\u00f3 mayor\u00eda entre sus miembros para refrendar la orden de detenci\u00f3n preventiva dictada el s\u00e1bado.Para los jueces, hay riesgo de fuga luego de que Bolsonaro intentara quitarse la tobillera electr\u00f3nica.\u00a0<a href=\"https:\/\/www.clarin.com\/mundo\/corte-suprema-brasil-ratifica-orden-mantener-jair-bolsonaro-encarcelado_0_pYvznQKPEn.html\" target=\"_blank\" class=\"feedzy-rss-link-icon\">Read More<\/a><\/p>","protected":false},"excerpt":{"rendered":"<p>La Corte reuni\u00f3 mayor\u00eda entre sus miembros para refrendar la orden de detenci\u00f3n preventiva dictada&#8230;<\/p>\n","protected":false},"author":1,"featured_media":50510,"comment_status":"open","ping_status":"open","sticky":false,"template":"","format":"standard","meta":{"footnotes":""},"categories":[4],"tags":[],"class_list":["post-50509","post","type-post","status-publish","format-standard","has-post-thumbnail","hentry","category-internacionales"],"_links":{"self":[{"href":"https:\/\/masquenoticiastucuman.com.ar\/index.php?rest_route=\/wp\/v2\/posts\/50509","targetHints":{"allow":["GET"]}}],"collection":[{"href":"https:\/\/masquenoticiastucuman.com.ar\/index.php?rest_route=\/wp\/v2\/posts"}],"about":[{"href":"https:\/\/masquenoticiastucuman.com.ar\/index.php?rest_route=\/wp\/v2\/types\/post"}],"author":[{"embeddable":true,"href":"https:\/\/masquenoticiastucuman.com.ar\/index.php?rest_route=\/wp\/v2\/users\/1"}],"replies":[{"embeddable":true,"href":"https:\/\/masquenoticiastucuman.com.ar\/index.php?rest_route=%2Fwp%2Fv2%2Fcomments&post=50509"}],"version-history":[{"count":0,"href":"https:\/\/masquenoticiastucuman.com.ar\/index.php?rest_route=\/wp\/v2\/posts\/50509\/revisions"}],"wp:featuredmedia":[{"embeddable":true,"href":"https:\/\/masquenoticiastucuman.com.ar\/index.php?rest_route=\/wp\/v2\/media\/50510"}],"wp:attachment":[{"href":"https:\/\/masquenoticiastucuman.com.ar\/index.php?rest_route=%2Fwp%2Fv2%2Fmedia&parent=50509"}],"wp:term":[{"taxonomy":"category","embeddable":true,"href":"https:\/\/masquenoticiastucuman.com.ar\/index.php?rest_route=%2Fwp%2Fv2%2Fcategories&post=50509"},{"taxonomy":"post_tag","embeddable":true,"href":"https:\/\/masquenoticiastucuman.com.ar\/index.php?rest_route=%2Fwp%2Fv2%2Ftags&post=50509"}],"curies":[{"name":"wp","href":"https:\/\/api.w.org\/{rel}","templated":true}]}}