{"id":50511,"date":"2025-11-24T11:15:08","date_gmt":"2025-11-24T14:15:08","guid":{"rendered":"http:\/\/masquenoticiastucuman.com.ar\/?p=50511"},"modified":"2025-11-24T11:15:08","modified_gmt":"2025-11-24T14:15:08","slug":"uno-por-uno-los-ajustes-que-europa-hizo-al-plan-de-paz-de-trump-para-poner-fin-a-la-guerra-en-ucrania-y-que-despiertan-optimismo","status":"publish","type":"post","link":"https:\/\/masquenoticiastucuman.com.ar\/?p=50511","title":{"rendered":"Uno por uno, los &#8220;ajustes&#8221; que Europa hizo al plan de paz de Trump para poner fin a la guerra en Ucrania y que despiertan optimismo"},"content":{"rendered":"<ul>\n<li>La contrapropuesta fue realizada por Francia, Alemania y Gran Breta\u00f1a, y se basa en el plan de 28 puntos elaborado por Estados Unidos y Rusia.<\/li>\n<li>La metodolog\u00eda fue contrarrestar, punto por punto, la propuesta ruso-norteamericana con otra opci\u00f3n.<\/li>\n<\/ul>\n<p>\u200bLa contrapropuesta fue realizada por Francia, Alemania y Gran Breta\u00f1a, y se basa en el plan de 28 puntos elaborado por Estados Unidos y Rusia.La metodolog\u00eda fue contrarrestar, punto por punto, la propuesta ruso-norteamericana con otra opci\u00f3n.\u00a0<a href=\"https:\/\/www.clarin.com\/mundo\/ajustes-europa-hizo-plan-paz-trump-poner-fin-guerra-ucrania-despiertan-optimismo_0_RYGmMdLrDD.html\" target=\"_blank\" class=\"feedzy-rss-link-icon\">Read More<\/a><\/p>","protected":false},"excerpt":{"rendered":"<p>La contrapropuesta fue realizada por Francia, Alemania y Gran Breta\u00f1a, y se basa en el&#8230;<\/p>\n","protected":false},"author":1,"featured_media":50512,"comment_status":"open","ping_status":"open","sticky":false,"template":"","format":"standard","meta":{"footnotes":""},"categories":[4],"tags":[],"class_list":["post-50511","post","type-post","status-publish","format-standard","has-post-thumbnail","hentry","category-internacionales"],"_links":{"self":[{"href":"https:\/\/masquenoticiastucuman.com.ar\/index.php?rest_route=\/wp\/v2\/posts\/50511","targetHints":{"allow":["GET"]}}],"collection":[{"href":"https:\/\/masquenoticiastucuman.com.ar\/index.php?rest_route=\/wp\/v2\/posts"}],"about":[{"href":"https:\/\/masquenoticiastucuman.com.ar\/index.php?rest_route=\/wp\/v2\/types\/post"}],"author":[{"embeddable":true,"href":"https:\/\/masquenoticiastucuman.com.ar\/index.php?rest_route=\/wp\/v2\/users\/1"}],"replies":[{"embeddable":true,"href":"https:\/\/masquenoticiastucuman.com.ar\/index.php?rest_route=%2Fwp%2Fv2%2Fcomments&post=50511"}],"version-history":[{"count":0,"href":"https:\/\/masquenoticiastucuman.com.ar\/index.php?rest_route=\/wp\/v2\/posts\/50511\/revisions"}],"wp:featuredmedia":[{"embeddable":true,"href":"https:\/\/masquenoticiastucuman.com.ar\/index.php?rest_route=\/wp\/v2\/media\/50512"}],"wp:attachment":[{"href":"https:\/\/masquenoticiastucuman.com.ar\/index.php?rest_route=%2Fwp%2Fv2%2Fmedia&parent=50511"}],"wp:term":[{"taxonomy":"category","embeddable":true,"href":"https:\/\/masquenoticiastucuman.com.ar\/index.php?rest_route=%2Fwp%2Fv2%2Fcategories&post=50511"},{"taxonomy":"post_tag","embeddable":true,"href":"https:\/\/masquenoticiastucuman.com.ar\/index.php?rest_route=%2Fwp%2Fv2%2Ftags&post=50511"}],"curies":[{"name":"wp","href":"https:\/\/api.w.org\/{rel}","templated":true}]}}