{"id":50513,"date":"2025-11-24T12:18:21","date_gmt":"2025-11-24T15:18:21","guid":{"rendered":"http:\/\/masquenoticiastucuman.com.ar\/?p=50513"},"modified":"2025-11-24T12:18:21","modified_gmt":"2025-11-24T15:18:21","slug":"la-bronca-de-holan-el-dt-de-rosario-central-contra-el-espaldazo-en-el-pasillo-de-estudiantes-fue-una-falta-de-respeto","status":"publish","type":"post","link":"https:\/\/masquenoticiastucuman.com.ar\/?p=50513","title":{"rendered":"La bronca de Holan, el DT de Rosario Central, contra el &#8220;espaldazo&#8221; en el pasillo de Estudiantes: &#8220;Fue una falta de respeto&#8221;"},"content":{"rendered":"<ul>\n<li>El entrenador del Canalla se quej\u00f3 por la actitud de su rival en los octavos de final del Torneo Clausura. <\/li>\n<li>&#8220;Duele porque somos compa\u00f1eros de trabajo&#8221;, afirm\u00f3.<\/li>\n<\/ul>\n<p>\u200bEl entrenador del Canalla se quej\u00f3 por la actitud de su rival en los octavos de final del Torneo Clausura. &#8220;Duele porque somos compa\u00f1eros de trabajo&#8221;, afirm\u00f3.\u00a0<a href=\"https:\/\/www.clarin.com\/deportes\/bronca-holan-dt-rosario-central-espaldazo-pasillo-estudiantes-falta-respeto_0_tBS9UH9QK2.html\" target=\"_blank\" class=\"feedzy-rss-link-icon\">Read More<\/a><\/p>","protected":false},"excerpt":{"rendered":"<p>El entrenador del Canalla se quej\u00f3 por la actitud de su rival en los octavos&#8230;<\/p>\n","protected":false},"author":1,"featured_media":0,"comment_status":"open","ping_status":"open","sticky":false,"template":"","format":"standard","meta":{"footnotes":""},"categories":[6],"tags":[],"class_list":["post-50513","post","type-post","status-publish","format-standard","has-post-thumbnail","hentry","category-deportes"],"_links":{"self":[{"href":"https:\/\/masquenoticiastucuman.com.ar\/index.php?rest_route=\/wp\/v2\/posts\/50513","targetHints":{"allow":["GET"]}}],"collection":[{"href":"https:\/\/masquenoticiastucuman.com.ar\/index.php?rest_route=\/wp\/v2\/posts"}],"about":[{"href":"https:\/\/masquenoticiastucuman.com.ar\/index.php?rest_route=\/wp\/v2\/types\/post"}],"author":[{"embeddable":true,"href":"https:\/\/masquenoticiastucuman.com.ar\/index.php?rest_route=\/wp\/v2\/users\/1"}],"replies":[{"embeddable":true,"href":"https:\/\/masquenoticiastucuman.com.ar\/index.php?rest_route=%2Fwp%2Fv2%2Fcomments&post=50513"}],"version-history":[{"count":0,"href":"https:\/\/masquenoticiastucuman.com.ar\/index.php?rest_route=\/wp\/v2\/posts\/50513\/revisions"}],"wp:attachment":[{"href":"https:\/\/masquenoticiastucuman.com.ar\/index.php?rest_route=%2Fwp%2Fv2%2Fmedia&parent=50513"}],"wp:term":[{"taxonomy":"category","embeddable":true,"href":"https:\/\/masquenoticiastucuman.com.ar\/index.php?rest_route=%2Fwp%2Fv2%2Fcategories&post=50513"},{"taxonomy":"post_tag","embeddable":true,"href":"https:\/\/masquenoticiastucuman.com.ar\/index.php?rest_route=%2Fwp%2Fv2%2Ftags&post=50513"}],"curies":[{"name":"wp","href":"https:\/\/api.w.org\/{rel}","templated":true}]}}