{"id":50515,"date":"2025-11-24T11:12:44","date_gmt":"2025-11-24T14:12:44","guid":{"rendered":"http:\/\/masquenoticiastucuman.com.ar\/?p=50515"},"modified":"2025-11-24T11:12:44","modified_gmt":"2025-11-24T14:12:44","slug":"murio-jimmy-cliff-a-los-81-anos-leyenda-del-reggae-que-alguna-vez-compartio-escenario-con-sandro-y-palito-ortega","status":"publish","type":"post","link":"https:\/\/masquenoticiastucuman.com.ar\/?p=50515","title":{"rendered":"Muri\u00f3 Jimmy Cliff a los 81 a\u00f1os, leyenda del reggae que alguna vez comparti\u00f3 escenario con Sandro y Palito Ortega"},"content":{"rendered":"<ul>\n<li>La noticia fue comunicada de manera oficial por su esposa, a trav\u00e9s de las redes sociales.<\/li>\n<li>Algunas de sus canciones m\u00e1s emblem\u00e1ticas son &#8220;Wonderful World, Beautiful People&#8221;, \u201cReggae Night\u201d y \u201cI Can See Clearly Now\u201d.<\/li>\n<li>En 1970 se present\u00f3 en la Argentina.<\/li>\n<\/ul>\n<p>\u200bLa noticia fue comunicada de manera oficial por su esposa, a trav\u00e9s de las redes sociales.Algunas de sus canciones m\u00e1s emblem\u00e1ticas son &#8220;Wonderful World, Beautiful People&#8221;, \u201cReggae Night\u201d y \u201cI Can See Clearly Now\u201d.En 1970 se present\u00f3 en la Argentina.\u00a0<a href=\"https:\/\/www.clarin.com\/espectaculos\/murio-jimmy-cliff-81-anos-leyenda-reggae-alguna-vez-compartio-escenario-sandro-palito-ortega_0_fHHwWzCPFk.html\" target=\"_blank\" class=\"feedzy-rss-link-icon\">Read More<\/a><\/p>","protected":false},"excerpt":{"rendered":"<p>La noticia fue comunicada de manera oficial por su esposa, a trav\u00e9s de las redes&#8230;<\/p>\n","protected":false},"author":1,"featured_media":50516,"comment_status":"open","ping_status":"open","sticky":false,"template":"","format":"standard","meta":{"footnotes":""},"categories":[5],"tags":[],"class_list":["post-50515","post","type-post","status-publish","format-standard","has-post-thumbnail","hentry","category-espectaculo"],"_links":{"self":[{"href":"https:\/\/masquenoticiastucuman.com.ar\/index.php?rest_route=\/wp\/v2\/posts\/50515","targetHints":{"allow":["GET"]}}],"collection":[{"href":"https:\/\/masquenoticiastucuman.com.ar\/index.php?rest_route=\/wp\/v2\/posts"}],"about":[{"href":"https:\/\/masquenoticiastucuman.com.ar\/index.php?rest_route=\/wp\/v2\/types\/post"}],"author":[{"embeddable":true,"href":"https:\/\/masquenoticiastucuman.com.ar\/index.php?rest_route=\/wp\/v2\/users\/1"}],"replies":[{"embeddable":true,"href":"https:\/\/masquenoticiastucuman.com.ar\/index.php?rest_route=%2Fwp%2Fv2%2Fcomments&post=50515"}],"version-history":[{"count":0,"href":"https:\/\/masquenoticiastucuman.com.ar\/index.php?rest_route=\/wp\/v2\/posts\/50515\/revisions"}],"wp:featuredmedia":[{"embeddable":true,"href":"https:\/\/masquenoticiastucuman.com.ar\/index.php?rest_route=\/wp\/v2\/media\/50516"}],"wp:attachment":[{"href":"https:\/\/masquenoticiastucuman.com.ar\/index.php?rest_route=%2Fwp%2Fv2%2Fmedia&parent=50515"}],"wp:term":[{"taxonomy":"category","embeddable":true,"href":"https:\/\/masquenoticiastucuman.com.ar\/index.php?rest_route=%2Fwp%2Fv2%2Fcategories&post=50515"},{"taxonomy":"post_tag","embeddable":true,"href":"https:\/\/masquenoticiastucuman.com.ar\/index.php?rest_route=%2Fwp%2Fv2%2Ftags&post=50515"}],"curies":[{"name":"wp","href":"https:\/\/api.w.org\/{rel}","templated":true}]}}