{"id":50518,"date":"2025-11-24T12:48:03","date_gmt":"2025-11-24T15:48:03","guid":{"rendered":"http:\/\/masquenoticiastucuman.com.ar\/?p=50518"},"modified":"2025-11-24T12:48:03","modified_gmt":"2025-11-24T15:48:03","slug":"cartel-de-los-soles-estados-unidos-declaro-formalmente-a-nicolas-maduro-miembro-de-un-grupo-terrorista-extranjero","status":"publish","type":"post","link":"https:\/\/masquenoticiastucuman.com.ar\/?p=50518","title":{"rendered":"&#8220;Cartel de los Soles&#8221;: Estados Unidos declar\u00f3 formalmente a Nicol\u00e1s Maduro miembro de un grupo terrorista extranjero"},"content":{"rendered":"<ul>\n<li>A partir de este lunes, el Cartel de los Soles pasa a ser un grupo terrorista y la c\u00fapula del r\u00e9gimen venezolano, &#8220;terroristas&#8221;.<\/li>\n<li>Esto abrir\u00eda un abanico de opciones para una ofensiva contra Caracas.<\/li>\n<\/ul>\n<p>\u200bA partir de este lunes, el Cartel de los Soles pasa a ser un grupo terrorista y la c\u00fapula del r\u00e9gimen venezolano, &#8220;terroristas&#8221;.Esto abrir\u00eda un abanico de opciones para una ofensiva contra Caracas.\u00a0<a href=\"https:\/\/www.clarin.com\/mundo\/cartel-soles-estados-unidos-declaro-formalmente-nicolas-maduro-miembro-grupo-terrorista-extranjero_0_OqMwuLBRjk.html\" target=\"_blank\" class=\"feedzy-rss-link-icon\">Read More<\/a><\/p>","protected":false},"excerpt":{"rendered":"<p>A partir de este lunes, el Cartel de los Soles pasa a ser un grupo&#8230;<\/p>\n","protected":false},"author":1,"featured_media":50519,"comment_status":"open","ping_status":"open","sticky":false,"template":"","format":"standard","meta":{"footnotes":""},"categories":[4],"tags":[],"class_list":["post-50518","post","type-post","status-publish","format-standard","has-post-thumbnail","hentry","category-internacionales"],"_links":{"self":[{"href":"https:\/\/masquenoticiastucuman.com.ar\/index.php?rest_route=\/wp\/v2\/posts\/50518","targetHints":{"allow":["GET"]}}],"collection":[{"href":"https:\/\/masquenoticiastucuman.com.ar\/index.php?rest_route=\/wp\/v2\/posts"}],"about":[{"href":"https:\/\/masquenoticiastucuman.com.ar\/index.php?rest_route=\/wp\/v2\/types\/post"}],"author":[{"embeddable":true,"href":"https:\/\/masquenoticiastucuman.com.ar\/index.php?rest_route=\/wp\/v2\/users\/1"}],"replies":[{"embeddable":true,"href":"https:\/\/masquenoticiastucuman.com.ar\/index.php?rest_route=%2Fwp%2Fv2%2Fcomments&post=50518"}],"version-history":[{"count":0,"href":"https:\/\/masquenoticiastucuman.com.ar\/index.php?rest_route=\/wp\/v2\/posts\/50518\/revisions"}],"wp:featuredmedia":[{"embeddable":true,"href":"https:\/\/masquenoticiastucuman.com.ar\/index.php?rest_route=\/wp\/v2\/media\/50519"}],"wp:attachment":[{"href":"https:\/\/masquenoticiastucuman.com.ar\/index.php?rest_route=%2Fwp%2Fv2%2Fmedia&parent=50518"}],"wp:term":[{"taxonomy":"category","embeddable":true,"href":"https:\/\/masquenoticiastucuman.com.ar\/index.php?rest_route=%2Fwp%2Fv2%2Fcategories&post=50518"},{"taxonomy":"post_tag","embeddable":true,"href":"https:\/\/masquenoticiastucuman.com.ar\/index.php?rest_route=%2Fwp%2Fv2%2Ftags&post=50518"}],"curies":[{"name":"wp","href":"https:\/\/api.w.org\/{rel}","templated":true}]}}