{"id":50520,"date":"2025-11-24T12:19:48","date_gmt":"2025-11-24T15:19:48","guid":{"rendered":"http:\/\/masquenoticiastucuman.com.ar\/?p=50520"},"modified":"2025-11-24T12:19:48","modified_gmt":"2025-11-24T15:19:48","slug":"moodys-premia-a-meloni-italia-logra-su-primera-mejora-de-rating-en-23-anos-pero-el-crecimiento-sigue-a-paso-de-caracol","status":"publish","type":"post","link":"https:\/\/masquenoticiastucuman.com.ar\/?p=50520","title":{"rendered":"Moody&#8217;s premia a Meloni: Italia logra su primera mejora de rating en 23 a\u00f1os, pero el crecimiento sigue &#8220;a paso de caracol&#8221;"},"content":{"rendered":"<ul>\n<li>La agencia Moody\u2019s alz\u00f3 la calificaci\u00f3n de Baa3 a Baa2 y llen\u00f3 de alegr\u00eda a la primera ministra italiana.<\/li>\n<li>Sin embargo, se confirma una caracter\u00edstica de magro crecimiento y una deuda global que llega al 136,4%.<\/li>\n<\/ul>\n<p>\u200bLa agencia Moody\u2019s alz\u00f3 la calificaci\u00f3n de Baa3 a Baa2 y llen\u00f3 de alegr\u00eda a la primera ministra italiana.Sin embargo, se confirma una caracter\u00edstica de magro crecimiento y una deuda global que llega al 136,4%.\u00a0<a href=\"https:\/\/www.clarin.com\/mundo\/moodys-premia-meloni-italia-logra-primera-mejora-rating-23-anos-crecimiento-sigue-paso-caracol_0_k1dOUiUSUd.html\" target=\"_blank\" class=\"feedzy-rss-link-icon\">Read More<\/a><\/p>","protected":false},"excerpt":{"rendered":"<p>La agencia Moody\u2019s alz\u00f3 la calificaci\u00f3n de Baa3 a Baa2 y llen\u00f3 de alegr\u00eda a&#8230;<\/p>\n","protected":false},"author":1,"featured_media":50521,"comment_status":"open","ping_status":"open","sticky":false,"template":"","format":"standard","meta":{"footnotes":""},"categories":[4],"tags":[],"class_list":["post-50520","post","type-post","status-publish","format-standard","has-post-thumbnail","hentry","category-internacionales"],"_links":{"self":[{"href":"https:\/\/masquenoticiastucuman.com.ar\/index.php?rest_route=\/wp\/v2\/posts\/50520","targetHints":{"allow":["GET"]}}],"collection":[{"href":"https:\/\/masquenoticiastucuman.com.ar\/index.php?rest_route=\/wp\/v2\/posts"}],"about":[{"href":"https:\/\/masquenoticiastucuman.com.ar\/index.php?rest_route=\/wp\/v2\/types\/post"}],"author":[{"embeddable":true,"href":"https:\/\/masquenoticiastucuman.com.ar\/index.php?rest_route=\/wp\/v2\/users\/1"}],"replies":[{"embeddable":true,"href":"https:\/\/masquenoticiastucuman.com.ar\/index.php?rest_route=%2Fwp%2Fv2%2Fcomments&post=50520"}],"version-history":[{"count":0,"href":"https:\/\/masquenoticiastucuman.com.ar\/index.php?rest_route=\/wp\/v2\/posts\/50520\/revisions"}],"wp:featuredmedia":[{"embeddable":true,"href":"https:\/\/masquenoticiastucuman.com.ar\/index.php?rest_route=\/wp\/v2\/media\/50521"}],"wp:attachment":[{"href":"https:\/\/masquenoticiastucuman.com.ar\/index.php?rest_route=%2Fwp%2Fv2%2Fmedia&parent=50520"}],"wp:term":[{"taxonomy":"category","embeddable":true,"href":"https:\/\/masquenoticiastucuman.com.ar\/index.php?rest_route=%2Fwp%2Fv2%2Fcategories&post=50520"},{"taxonomy":"post_tag","embeddable":true,"href":"https:\/\/masquenoticiastucuman.com.ar\/index.php?rest_route=%2Fwp%2Fv2%2Ftags&post=50520"}],"curies":[{"name":"wp","href":"https:\/\/api.w.org\/{rel}","templated":true}]}}