{"id":50522,"date":"2025-11-24T11:48:57","date_gmt":"2025-11-24T14:48:57","guid":{"rendered":"http:\/\/masquenoticiastucuman.com.ar\/?p=50522"},"modified":"2025-11-24T11:48:57","modified_gmt":"2025-11-24T14:48:57","slug":"lionel-messi-y-una-emotiva-despedida-para-omar-souto-gerente-de-selecciones-fuiste-quien-abrio-el-camino-para-que-afa-se-fije-en-mi","status":"publish","type":"post","link":"https:\/\/masquenoticiastucuman.com.ar\/?p=50522","title":{"rendered":"Lionel Messi y una emotiva despedida para Omar Souto, gerente de Selecciones: &#8220;Fuiste quien abri\u00f3 el camino para que AFA se fije en m\u00ed&#8221;"},"content":{"rendered":"<ul>\n<li>El empleado de la casa del f\u00fatbol argentino muri\u00f3 el domingo, a los 73 a\u00f1os.<\/li>\n<li>Fue quien, por pedido de Hugo Tocalli, contact\u00f3 a la familia de la Pulga para sumarlo a la Albiceleste.<\/li>\n<\/ul>\n<p>\u200bEl empleado de la casa del f\u00fatbol argentino muri\u00f3 el domingo, a los 73 a\u00f1os.Fue quien, por pedido de Hugo Tocalli, contact\u00f3 a la familia de la Pulga para sumarlo a la Albiceleste.\u00a0<a href=\"https:\/\/www.clarin.com\/deportes\/lionel-messi-emotiva-despedida-omar-souto-gerente-selecciones-abrio-camino-afa-fije_0_M7SJtMSB7Z.html\" target=\"_blank\" class=\"feedzy-rss-link-icon\">Read More<\/a><\/p>","protected":false},"excerpt":{"rendered":"<p>El empleado de la casa del f\u00fatbol argentino muri\u00f3 el domingo, a los 73 a\u00f1os&#8230;.<\/p>\n","protected":false},"author":1,"featured_media":0,"comment_status":"open","ping_status":"open","sticky":false,"template":"","format":"standard","meta":{"footnotes":""},"categories":[6],"tags":[],"class_list":["post-50522","post","type-post","status-publish","format-standard","has-post-thumbnail","hentry","category-deportes"],"_links":{"self":[{"href":"https:\/\/masquenoticiastucuman.com.ar\/index.php?rest_route=\/wp\/v2\/posts\/50522","targetHints":{"allow":["GET"]}}],"collection":[{"href":"https:\/\/masquenoticiastucuman.com.ar\/index.php?rest_route=\/wp\/v2\/posts"}],"about":[{"href":"https:\/\/masquenoticiastucuman.com.ar\/index.php?rest_route=\/wp\/v2\/types\/post"}],"author":[{"embeddable":true,"href":"https:\/\/masquenoticiastucuman.com.ar\/index.php?rest_route=\/wp\/v2\/users\/1"}],"replies":[{"embeddable":true,"href":"https:\/\/masquenoticiastucuman.com.ar\/index.php?rest_route=%2Fwp%2Fv2%2Fcomments&post=50522"}],"version-history":[{"count":0,"href":"https:\/\/masquenoticiastucuman.com.ar\/index.php?rest_route=\/wp\/v2\/posts\/50522\/revisions"}],"wp:attachment":[{"href":"https:\/\/masquenoticiastucuman.com.ar\/index.php?rest_route=%2Fwp%2Fv2%2Fmedia&parent=50522"}],"wp:term":[{"taxonomy":"category","embeddable":true,"href":"https:\/\/masquenoticiastucuman.com.ar\/index.php?rest_route=%2Fwp%2Fv2%2Fcategories&post=50522"},{"taxonomy":"post_tag","embeddable":true,"href":"https:\/\/masquenoticiastucuman.com.ar\/index.php?rest_route=%2Fwp%2Fv2%2Ftags&post=50522"}],"curies":[{"name":"wp","href":"https:\/\/api.w.org\/{rel}","templated":true}]}}