{"id":50523,"date":"2025-11-24T13:11:09","date_gmt":"2025-11-24T16:11:09","guid":{"rendered":"http:\/\/masquenoticiastucuman.com.ar\/?p=50523"},"modified":"2025-11-24T13:11:09","modified_gmt":"2025-11-24T16:11:09","slug":"se-achica-la-fabrica-de-ollas-y-sartenes-essen-de-santa-fe-importara-de-china-y-temen-que-reemplace-toda-la-produccion","status":"publish","type":"post","link":"https:\/\/masquenoticiastucuman.com.ar\/?p=50523","title":{"rendered":"Se achica la f\u00e1brica de ollas y sartenes Essen de Santa Fe: importar\u00e1 de China y temen que reemplace toda la producci\u00f3n"},"content":{"rendered":"<ul>\n<li>La empresa sustituy\u00f3 45% de su producci\u00f3n local y desvincul\u00f3 a 30 empleados.<\/li>\n<li>La medida est\u00e1 vinculada a la ca\u00edda del consumo y b\u00fasqueda de mayor eficiencia.<\/li>\n<li>Se encendi\u00f3 la alarma en el gremio: temen que un eventual mayor achique se traduzca en m\u00e1s cesant\u00edas.<\/li>\n<\/ul>\n<p>\u200bLa empresa sustituy\u00f3 45% de su producci\u00f3n local y desvincul\u00f3 a 30 empleados.La medida est\u00e1 vinculada a la ca\u00edda del consumo y b\u00fasqueda de mayor eficiencia.Se encendi\u00f3 la alarma en el gremio: temen que un eventual mayor achique se traduzca en m\u00e1s cesant\u00edas.\u00a0<a href=\"https:\/\/www.clarin.com\/economia\/achica-fabrica-ollas-sartenes-essen-santa-fe-importara-china-temen-reemplace-toda-produccion_0_lpqkLag3fZ.html\" target=\"_blank\" class=\"feedzy-rss-link-icon\">Read More<\/a><\/p>","protected":false},"excerpt":{"rendered":"<p>La empresa sustituy\u00f3 45% de su producci\u00f3n local y desvincul\u00f3 a 30 empleados. La medida&#8230;<\/p>\n","protected":false},"author":1,"featured_media":0,"comment_status":"open","ping_status":"open","sticky":false,"template":"","format":"standard","meta":{"footnotes":""},"categories":[3],"tags":[],"class_list":["post-50523","post","type-post","status-publish","format-standard","has-post-thumbnail","hentry","category-nacionales"],"_links":{"self":[{"href":"https:\/\/masquenoticiastucuman.com.ar\/index.php?rest_route=\/wp\/v2\/posts\/50523","targetHints":{"allow":["GET"]}}],"collection":[{"href":"https:\/\/masquenoticiastucuman.com.ar\/index.php?rest_route=\/wp\/v2\/posts"}],"about":[{"href":"https:\/\/masquenoticiastucuman.com.ar\/index.php?rest_route=\/wp\/v2\/types\/post"}],"author":[{"embeddable":true,"href":"https:\/\/masquenoticiastucuman.com.ar\/index.php?rest_route=\/wp\/v2\/users\/1"}],"replies":[{"embeddable":true,"href":"https:\/\/masquenoticiastucuman.com.ar\/index.php?rest_route=%2Fwp%2Fv2%2Fcomments&post=50523"}],"version-history":[{"count":0,"href":"https:\/\/masquenoticiastucuman.com.ar\/index.php?rest_route=\/wp\/v2\/posts\/50523\/revisions"}],"wp:attachment":[{"href":"https:\/\/masquenoticiastucuman.com.ar\/index.php?rest_route=%2Fwp%2Fv2%2Fmedia&parent=50523"}],"wp:term":[{"taxonomy":"category","embeddable":true,"href":"https:\/\/masquenoticiastucuman.com.ar\/index.php?rest_route=%2Fwp%2Fv2%2Fcategories&post=50523"},{"taxonomy":"post_tag","embeddable":true,"href":"https:\/\/masquenoticiastucuman.com.ar\/index.php?rest_route=%2Fwp%2Fv2%2Ftags&post=50523"}],"curies":[{"name":"wp","href":"https:\/\/api.w.org\/{rel}","templated":true}]}}