{"id":50525,"date":"2025-11-24T15:46:29","date_gmt":"2025-11-24T18:46:29","guid":{"rendered":"http:\/\/masquenoticiastucuman.com.ar\/?p=50525"},"modified":"2025-11-24T15:46:29","modified_gmt":"2025-11-24T18:46:29","slug":"el-pentagono-investiga-a-un-senador-democrata-que-pidio-a-los-militares-desobedecer-ordenes-ilegales-y-al-que-donald-trump-sugirio-aplicarle-la-pena-de-muerte","status":"publish","type":"post","link":"https:\/\/masquenoticiastucuman.com.ar\/?p=50525","title":{"rendered":"El Pent\u00e1gono investiga a un senador dem\u00f3crata que pidi\u00f3 a los militares desobedecer &#8220;\u00f3rdenes ilegales&#8221; y al que Donald Trump sugiri\u00f3 aplicarle la pena de muerte"},"content":{"rendered":"<ul>\n<li>Se trata de Mark Kelly de Arizona y es por posibles violaciones de la ley militar despu\u00e9s de que se uniera a otros legisladores en un video que instaba a los militares estadounidenses a rechazar \u00f3rdenes ilegales.<\/li>\n<li>El presidente hab\u00eda acusado a los legisladores de sedici\u00f3n &#8220;castigable con la MUERTE&#8221; en una publicaci\u00f3n en redes sociales.<\/li>\n<\/ul>\n<p>\u200bSe trata de Mark Kelly de Arizona y es por posibles violaciones de la ley militar despu\u00e9s de que se uniera a otros legisladores en un video que instaba a los militares estadounidenses a rechazar \u00f3rdenes ilegales.El presidente hab\u00eda acusado a los legisladores de sedici\u00f3n &#8220;castigable con la MUERTE&#8221; en una publicaci\u00f3n en redes sociales.\u00a0<a href=\"https:\/\/www.clarin.com\/mundo\/pentagono-investiga-senador-democrata-pidio-militares-desobedecer-ordenes-ilegales-donald-trump-sugirio-aplicarle-pena-muerte_0_Nlo0jzcUi0.html\" target=\"_blank\" class=\"feedzy-rss-link-icon\">Read More<\/a><\/p>","protected":false},"excerpt":{"rendered":"<p>Se trata de Mark Kelly de Arizona y es por posibles violaciones de la ley&#8230;<\/p>\n","protected":false},"author":1,"featured_media":50526,"comment_status":"open","ping_status":"open","sticky":false,"template":"","format":"standard","meta":{"footnotes":""},"categories":[4],"tags":[],"class_list":["post-50525","post","type-post","status-publish","format-standard","has-post-thumbnail","hentry","category-internacionales"],"_links":{"self":[{"href":"https:\/\/masquenoticiastucuman.com.ar\/index.php?rest_route=\/wp\/v2\/posts\/50525","targetHints":{"allow":["GET"]}}],"collection":[{"href":"https:\/\/masquenoticiastucuman.com.ar\/index.php?rest_route=\/wp\/v2\/posts"}],"about":[{"href":"https:\/\/masquenoticiastucuman.com.ar\/index.php?rest_route=\/wp\/v2\/types\/post"}],"author":[{"embeddable":true,"href":"https:\/\/masquenoticiastucuman.com.ar\/index.php?rest_route=\/wp\/v2\/users\/1"}],"replies":[{"embeddable":true,"href":"https:\/\/masquenoticiastucuman.com.ar\/index.php?rest_route=%2Fwp%2Fv2%2Fcomments&post=50525"}],"version-history":[{"count":0,"href":"https:\/\/masquenoticiastucuman.com.ar\/index.php?rest_route=\/wp\/v2\/posts\/50525\/revisions"}],"wp:featuredmedia":[{"embeddable":true,"href":"https:\/\/masquenoticiastucuman.com.ar\/index.php?rest_route=\/wp\/v2\/media\/50526"}],"wp:attachment":[{"href":"https:\/\/masquenoticiastucuman.com.ar\/index.php?rest_route=%2Fwp%2Fv2%2Fmedia&parent=50525"}],"wp:term":[{"taxonomy":"category","embeddable":true,"href":"https:\/\/masquenoticiastucuman.com.ar\/index.php?rest_route=%2Fwp%2Fv2%2Fcategories&post=50525"},{"taxonomy":"post_tag","embeddable":true,"href":"https:\/\/masquenoticiastucuman.com.ar\/index.php?rest_route=%2Fwp%2Fv2%2Ftags&post=50525"}],"curies":[{"name":"wp","href":"https:\/\/api.w.org\/{rel}","templated":true}]}}