{"id":50531,"date":"2025-11-24T17:31:10","date_gmt":"2025-11-24T20:31:10","guid":{"rendered":"http:\/\/masquenoticiastucuman.com.ar\/?p=50531"},"modified":"2025-11-24T17:31:10","modified_gmt":"2025-11-24T20:31:10","slug":"termino-la-recesion-la-actividad-da-senales-de-recuperacion-pero-hay-sectores-que-aun-no-repuntan","status":"publish","type":"post","link":"https:\/\/masquenoticiastucuman.com.ar\/?p=50531","title":{"rendered":"\u00bfTermin\u00f3 la recesi\u00f3n? La actividad da se\u00f1ales de recuperaci\u00f3n pero hay sectores que a\u00fan no repuntan"},"content":{"rendered":"<ul>\n<li>La industria avanz\u00f3 en octubre seg\u00fan FIEL y un \u00edndice del Bapro midi\u00f3 una expansi\u00f3n de 0,3% en la provincia.  <\/li>\n<li>Este martes se conocer\u00e1 el EMAE de septiembre. <\/li>\n<li>Cu\u00e1les son los rubros ganadores y perdedores. <\/li>\n<\/ul>\n<p>\u200bLa industria avanz\u00f3 en octubre seg\u00fan FIEL y un \u00edndice del Bapro midi\u00f3 una expansi\u00f3n de 0,3% en la provincia.  Este martes se conocer\u00e1 el EMAE de septiembre. Cu\u00e1les son los rubros ganadores y perdedores.\u00a0<a href=\"https:\/\/www.clarin.com\/economia\/termino-recesion-actividad-da-senales-recuperacion-sectores-repuntan_0_Vdw2JRB1MO.html\" target=\"_blank\" class=\"feedzy-rss-link-icon\">Read More<\/a><\/p>","protected":false},"excerpt":{"rendered":"<p>La industria avanz\u00f3 en octubre seg\u00fan FIEL y un \u00edndice del Bapro midi\u00f3 una expansi\u00f3n&#8230;<\/p>\n","protected":false},"author":1,"featured_media":0,"comment_status":"open","ping_status":"open","sticky":false,"template":"","format":"standard","meta":{"footnotes":""},"categories":[3],"tags":[],"class_list":["post-50531","post","type-post","status-publish","format-standard","has-post-thumbnail","hentry","category-nacionales"],"_links":{"self":[{"href":"https:\/\/masquenoticiastucuman.com.ar\/index.php?rest_route=\/wp\/v2\/posts\/50531","targetHints":{"allow":["GET"]}}],"collection":[{"href":"https:\/\/masquenoticiastucuman.com.ar\/index.php?rest_route=\/wp\/v2\/posts"}],"about":[{"href":"https:\/\/masquenoticiastucuman.com.ar\/index.php?rest_route=\/wp\/v2\/types\/post"}],"author":[{"embeddable":true,"href":"https:\/\/masquenoticiastucuman.com.ar\/index.php?rest_route=\/wp\/v2\/users\/1"}],"replies":[{"embeddable":true,"href":"https:\/\/masquenoticiastucuman.com.ar\/index.php?rest_route=%2Fwp%2Fv2%2Fcomments&post=50531"}],"version-history":[{"count":0,"href":"https:\/\/masquenoticiastucuman.com.ar\/index.php?rest_route=\/wp\/v2\/posts\/50531\/revisions"}],"wp:attachment":[{"href":"https:\/\/masquenoticiastucuman.com.ar\/index.php?rest_route=%2Fwp%2Fv2%2Fmedia&parent=50531"}],"wp:term":[{"taxonomy":"category","embeddable":true,"href":"https:\/\/masquenoticiastucuman.com.ar\/index.php?rest_route=%2Fwp%2Fv2%2Fcategories&post=50531"},{"taxonomy":"post_tag","embeddable":true,"href":"https:\/\/masquenoticiastucuman.com.ar\/index.php?rest_route=%2Fwp%2Fv2%2Ftags&post=50531"}],"curies":[{"name":"wp","href":"https:\/\/api.w.org\/{rel}","templated":true}]}}