{"id":50533,"date":"2025-11-24T17:05:51","date_gmt":"2025-11-24T20:05:51","guid":{"rendered":"http:\/\/masquenoticiastucuman.com.ar\/?p=50533"},"modified":"2025-11-24T17:05:51","modified_gmt":"2025-11-24T20:05:51","slug":"que-es-el-cartel-de-los-soles-la-organizacion-que-estados-unidos-designo-como-grupo-terrorista-y-senala-a-nicolas-maduro-como-su-lider","status":"publish","type":"post","link":"https:\/\/masquenoticiastucuman.com.ar\/?p=50533","title":{"rendered":"\u00bfQu\u00e9 es el Cartel de los Soles, la organizaci\u00f3n que Estados Unidos design\u00f3 como grupo terrorista y se\u00f1ala a Nicol\u00e1s Maduro como su l\u00edder?"},"content":{"rendered":"<ul>\n<li>En una decisi\u00f3n que coincide con el despliegue del mayor contingente militar estadounidense en el Caribe y eleva la tensi\u00f3n con Caracas.<\/li>\n<li>Seg\u00fan expertos consultados por CNN, este grupo criminal fue identificado en los noventa luego de que en causas judiciales se involucrara a dos generales de divisi\u00f3n venezolanos en el tr\u00e1fico de droga colombiana a trav\u00e9s de las FARC.<\/li>\n<\/ul>\n<p>\u200bEn una decisi\u00f3n que coincide con el despliegue del mayor contingente militar estadounidense en el Caribe y eleva la tensi\u00f3n con Caracas.Seg\u00fan expertos consultados por CNN, este grupo criminal fue identificado en los noventa luego de que en causas judiciales se involucrara a dos generales de divisi\u00f3n venezolanos en el tr\u00e1fico de droga colombiana a trav\u00e9s de las FARC.\u00a0<a href=\"https:\/\/www.clarin.com\/mundo\/cartel-soles-organizacion-estados-unidos-designo-grupo-terrorista-senala-nicolas-maduro-lider_0_7S4gic5DIU.html\" target=\"_blank\" class=\"feedzy-rss-link-icon\">Read More<\/a><\/p>","protected":false},"excerpt":{"rendered":"<p>En una decisi\u00f3n que coincide con el despliegue del mayor contingente militar estadounidense en el&#8230;<\/p>\n","protected":false},"author":1,"featured_media":50534,"comment_status":"open","ping_status":"open","sticky":false,"template":"","format":"standard","meta":{"footnotes":""},"categories":[4],"tags":[],"class_list":["post-50533","post","type-post","status-publish","format-standard","has-post-thumbnail","hentry","category-internacionales"],"_links":{"self":[{"href":"https:\/\/masquenoticiastucuman.com.ar\/index.php?rest_route=\/wp\/v2\/posts\/50533","targetHints":{"allow":["GET"]}}],"collection":[{"href":"https:\/\/masquenoticiastucuman.com.ar\/index.php?rest_route=\/wp\/v2\/posts"}],"about":[{"href":"https:\/\/masquenoticiastucuman.com.ar\/index.php?rest_route=\/wp\/v2\/types\/post"}],"author":[{"embeddable":true,"href":"https:\/\/masquenoticiastucuman.com.ar\/index.php?rest_route=\/wp\/v2\/users\/1"}],"replies":[{"embeddable":true,"href":"https:\/\/masquenoticiastucuman.com.ar\/index.php?rest_route=%2Fwp%2Fv2%2Fcomments&post=50533"}],"version-history":[{"count":0,"href":"https:\/\/masquenoticiastucuman.com.ar\/index.php?rest_route=\/wp\/v2\/posts\/50533\/revisions"}],"wp:featuredmedia":[{"embeddable":true,"href":"https:\/\/masquenoticiastucuman.com.ar\/index.php?rest_route=\/wp\/v2\/media\/50534"}],"wp:attachment":[{"href":"https:\/\/masquenoticiastucuman.com.ar\/index.php?rest_route=%2Fwp%2Fv2%2Fmedia&parent=50533"}],"wp:term":[{"taxonomy":"category","embeddable":true,"href":"https:\/\/masquenoticiastucuman.com.ar\/index.php?rest_route=%2Fwp%2Fv2%2Fcategories&post=50533"},{"taxonomy":"post_tag","embeddable":true,"href":"https:\/\/masquenoticiastucuman.com.ar\/index.php?rest_route=%2Fwp%2Fv2%2Ftags&post=50533"}],"curies":[{"name":"wp","href":"https:\/\/api.w.org\/{rel}","templated":true}]}}