{"id":50537,"date":"2025-11-24T18:30:35","date_gmt":"2025-11-24T21:30:35","guid":{"rendered":"http:\/\/masquenoticiastucuman.com.ar\/?p=50537"},"modified":"2025-11-24T18:30:35","modified_gmt":"2025-11-24T21:30:35","slug":"honduras-el-estado-de-excepcion-y-la-creciente-violencia-politica-marcan-las-elecciones-presidenciales-del-proximo-domingo","status":"publish","type":"post","link":"https:\/\/masquenoticiastucuman.com.ar\/?p=50537","title":{"rendered":"Honduras: el estado de excepci\u00f3n y la creciente violencia pol\u00edtica marcan las elecciones presidenciales del pr\u00f3ximo domingo"},"content":{"rendered":"<ul>\n<li>Crecen los reportes de atentados, amenazas e intimidaci\u00f3n contra candidatos y activistas. <\/li>\n<li>Incluso homicidios pol\u00edticos en meses recientes, acent\u00faan la preocupaci\u00f3n por la seguridad e integridad de los comicios, una violencia que ha golpeado incluso a los ni\u00f1os.<\/li>\n<\/ul>\n<p>\u200bCrecen los reportes de atentados, amenazas e intimidaci\u00f3n contra candidatos y activistas. Incluso homicidios pol\u00edticos en meses recientes, acent\u00faan la preocupaci\u00f3n por la seguridad e integridad de los comicios, una violencia que ha golpeado incluso a los ni\u00f1os.\u00a0<a href=\"https:\/\/www.clarin.com\/mundo\/honduras-estado-excepcion-creciente-violencia-politica-marcan-elecciones-presidenciales-proximo-domingo_0_HOW52kydnP.html\" target=\"_blank\" class=\"feedzy-rss-link-icon\">Read More<\/a><\/p>","protected":false},"excerpt":{"rendered":"<p>Crecen los reportes de atentados, amenazas e intimidaci\u00f3n contra candidatos y activistas. Incluso homicidios pol\u00edticos&#8230;<\/p>\n","protected":false},"author":1,"featured_media":50538,"comment_status":"open","ping_status":"open","sticky":false,"template":"","format":"standard","meta":{"footnotes":""},"categories":[4],"tags":[],"class_list":["post-50537","post","type-post","status-publish","format-standard","has-post-thumbnail","hentry","category-internacionales"],"_links":{"self":[{"href":"https:\/\/masquenoticiastucuman.com.ar\/index.php?rest_route=\/wp\/v2\/posts\/50537","targetHints":{"allow":["GET"]}}],"collection":[{"href":"https:\/\/masquenoticiastucuman.com.ar\/index.php?rest_route=\/wp\/v2\/posts"}],"about":[{"href":"https:\/\/masquenoticiastucuman.com.ar\/index.php?rest_route=\/wp\/v2\/types\/post"}],"author":[{"embeddable":true,"href":"https:\/\/masquenoticiastucuman.com.ar\/index.php?rest_route=\/wp\/v2\/users\/1"}],"replies":[{"embeddable":true,"href":"https:\/\/masquenoticiastucuman.com.ar\/index.php?rest_route=%2Fwp%2Fv2%2Fcomments&post=50537"}],"version-history":[{"count":0,"href":"https:\/\/masquenoticiastucuman.com.ar\/index.php?rest_route=\/wp\/v2\/posts\/50537\/revisions"}],"wp:featuredmedia":[{"embeddable":true,"href":"https:\/\/masquenoticiastucuman.com.ar\/index.php?rest_route=\/wp\/v2\/media\/50538"}],"wp:attachment":[{"href":"https:\/\/masquenoticiastucuman.com.ar\/index.php?rest_route=%2Fwp%2Fv2%2Fmedia&parent=50537"}],"wp:term":[{"taxonomy":"category","embeddable":true,"href":"https:\/\/masquenoticiastucuman.com.ar\/index.php?rest_route=%2Fwp%2Fv2%2Fcategories&post=50537"},{"taxonomy":"post_tag","embeddable":true,"href":"https:\/\/masquenoticiastucuman.com.ar\/index.php?rest_route=%2Fwp%2Fv2%2Ftags&post=50537"}],"curies":[{"name":"wp","href":"https:\/\/api.w.org\/{rel}","templated":true}]}}