{"id":50541,"date":"2025-11-24T19:08:23","date_gmt":"2025-11-24T22:08:23","guid":{"rendered":"http:\/\/masquenoticiastucuman.com.ar\/?p=50541"},"modified":"2025-11-24T19:08:23","modified_gmt":"2025-11-24T22:08:23","slug":"mas-aerolineas-suspenden-sus-vuelos-a-venezuela-y-ya-son-11-las-que-dejaron-de-operar-por-el-alerta-de-estados-unidos","status":"publish","type":"post","link":"https:\/\/masquenoticiastucuman.com.ar\/?p=50541","title":{"rendered":"M\u00e1s aerol\u00edneas suspenden sus vuelos a Venezuela y ya son 11 las que dejaron de operar por el alerta de Estados Unidos"},"content":{"rendered":"<ul>\n<li>Este lunes se sumaron dos empresas espa\u00f1olas y otras dos venezolanas. <\/li>\n<li>Estados Unidos inst\u00f3 a &#8220;extremar la precauci\u00f3n&#8221; al sobrevolar el pa\u00eds suramericano y el sur del mar Caribe.<\/li>\n<\/ul>\n<p>\u200bEste lunes se sumaron dos empresas espa\u00f1olas y otras dos venezolanas. Estados Unidos inst\u00f3 a &#8220;extremar la precauci\u00f3n&#8221; al sobrevolar el pa\u00eds suramericano y el sur del mar Caribe.\u00a0<a href=\"https:\/\/www.clarin.com\/mundo\/aerolineas-suspenden-vuelos-venezuela-11-dejaron-operar-alerta-estados-unidos_0_IPw5yRXJcW.html\" target=\"_blank\" class=\"feedzy-rss-link-icon\">Read More<\/a><\/p>","protected":false},"excerpt":{"rendered":"<p>Este lunes se sumaron dos empresas espa\u00f1olas y otras dos venezolanas. Estados Unidos inst\u00f3 a&#8230;<\/p>\n","protected":false},"author":1,"featured_media":50542,"comment_status":"open","ping_status":"open","sticky":false,"template":"","format":"standard","meta":{"footnotes":""},"categories":[4],"tags":[],"class_list":["post-50541","post","type-post","status-publish","format-standard","has-post-thumbnail","hentry","category-internacionales"],"_links":{"self":[{"href":"https:\/\/masquenoticiastucuman.com.ar\/index.php?rest_route=\/wp\/v2\/posts\/50541","targetHints":{"allow":["GET"]}}],"collection":[{"href":"https:\/\/masquenoticiastucuman.com.ar\/index.php?rest_route=\/wp\/v2\/posts"}],"about":[{"href":"https:\/\/masquenoticiastucuman.com.ar\/index.php?rest_route=\/wp\/v2\/types\/post"}],"author":[{"embeddable":true,"href":"https:\/\/masquenoticiastucuman.com.ar\/index.php?rest_route=\/wp\/v2\/users\/1"}],"replies":[{"embeddable":true,"href":"https:\/\/masquenoticiastucuman.com.ar\/index.php?rest_route=%2Fwp%2Fv2%2Fcomments&post=50541"}],"version-history":[{"count":0,"href":"https:\/\/masquenoticiastucuman.com.ar\/index.php?rest_route=\/wp\/v2\/posts\/50541\/revisions"}],"wp:featuredmedia":[{"embeddable":true,"href":"https:\/\/masquenoticiastucuman.com.ar\/index.php?rest_route=\/wp\/v2\/media\/50542"}],"wp:attachment":[{"href":"https:\/\/masquenoticiastucuman.com.ar\/index.php?rest_route=%2Fwp%2Fv2%2Fmedia&parent=50541"}],"wp:term":[{"taxonomy":"category","embeddable":true,"href":"https:\/\/masquenoticiastucuman.com.ar\/index.php?rest_route=%2Fwp%2Fv2%2Fcategories&post=50541"},{"taxonomy":"post_tag","embeddable":true,"href":"https:\/\/masquenoticiastucuman.com.ar\/index.php?rest_route=%2Fwp%2Fv2%2Ftags&post=50541"}],"curies":[{"name":"wp","href":"https:\/\/api.w.org\/{rel}","templated":true}]}}