{"id":50544,"date":"2025-11-24T19:35:17","date_gmt":"2025-11-24T22:35:17","guid":{"rendered":"http:\/\/masquenoticiastucuman.com.ar\/?p=50544"},"modified":"2025-11-24T19:35:17","modified_gmt":"2025-11-24T22:35:17","slug":"la-furiosa-reaccion-de-ignacio-arce-contra-facundo-bruera-en-riestra-vs-barracas-central-le-rompio-el-dedo-de-un-planchazo","status":"publish","type":"post","link":"https:\/\/masquenoticiastucuman.com.ar\/?p=50544","title":{"rendered":"La furiosa reacci\u00f3n de Ignacio Arce contra Facundo Bruera en Riestra vs Barracas Central: le rompi\u00f3 el dedo de un planchazo"},"content":{"rendered":"<ul>\n<li>Ocurri\u00f3 en el tiempo suplementario del duelo por los octavos de final del Clausura.<\/li>\n<li>El delantero apenas fue amonestado por el \u00e1rbitro Nicol\u00e1s Ram\u00edrez.<\/li>\n<li>El arquero tuvo que ser reemplazado.<\/li>\n<\/ul>\n<p>\u200bOcurri\u00f3 en el tiempo suplementario del duelo por los octavos de final del Clausura.El delantero apenas fue amonestado por el \u00e1rbitro Nicol\u00e1s Ram\u00edrez.El arquero tuvo que ser reemplazado.\u00a0<a href=\"https:\/\/www.clarin.com\/deportes\/furiosa-reaccion-ignacio-arce-facundo-bruera-riestra-vs-barracas-central-rompio-dedo-planchazo_0_vkcWZT9FLR.html\" target=\"_blank\" class=\"feedzy-rss-link-icon\">Read More<\/a><\/p>","protected":false},"excerpt":{"rendered":"<p>Ocurri\u00f3 en el tiempo suplementario del duelo por los octavos de final del Clausura. El&#8230;<\/p>\n","protected":false},"author":1,"featured_media":0,"comment_status":"open","ping_status":"open","sticky":false,"template":"","format":"standard","meta":{"footnotes":""},"categories":[6],"tags":[],"class_list":["post-50544","post","type-post","status-publish","format-standard","has-post-thumbnail","hentry","category-deportes"],"_links":{"self":[{"href":"https:\/\/masquenoticiastucuman.com.ar\/index.php?rest_route=\/wp\/v2\/posts\/50544","targetHints":{"allow":["GET"]}}],"collection":[{"href":"https:\/\/masquenoticiastucuman.com.ar\/index.php?rest_route=\/wp\/v2\/posts"}],"about":[{"href":"https:\/\/masquenoticiastucuman.com.ar\/index.php?rest_route=\/wp\/v2\/types\/post"}],"author":[{"embeddable":true,"href":"https:\/\/masquenoticiastucuman.com.ar\/index.php?rest_route=\/wp\/v2\/users\/1"}],"replies":[{"embeddable":true,"href":"https:\/\/masquenoticiastucuman.com.ar\/index.php?rest_route=%2Fwp%2Fv2%2Fcomments&post=50544"}],"version-history":[{"count":0,"href":"https:\/\/masquenoticiastucuman.com.ar\/index.php?rest_route=\/wp\/v2\/posts\/50544\/revisions"}],"wp:attachment":[{"href":"https:\/\/masquenoticiastucuman.com.ar\/index.php?rest_route=%2Fwp%2Fv2%2Fmedia&parent=50544"}],"wp:term":[{"taxonomy":"category","embeddable":true,"href":"https:\/\/masquenoticiastucuman.com.ar\/index.php?rest_route=%2Fwp%2Fv2%2Fcategories&post=50544"},{"taxonomy":"post_tag","embeddable":true,"href":"https:\/\/masquenoticiastucuman.com.ar\/index.php?rest_route=%2Fwp%2Fv2%2Ftags&post=50544"}],"curies":[{"name":"wp","href":"https:\/\/api.w.org\/{rel}","templated":true}]}}