{"id":50545,"date":"2025-11-24T20:34:37","date_gmt":"2025-11-24T23:34:37","guid":{"rendered":"http:\/\/masquenoticiastucuman.com.ar\/?p=50545"},"modified":"2025-11-24T20:34:37","modified_gmt":"2025-11-24T23:34:37","slug":"quien-es-gonzalo-belloso-hombre-fuerte-de-central-y-amigo-de-tapia-toviggino-y-massa","status":"publish","type":"post","link":"https:\/\/masquenoticiastucuman.com.ar\/?p=50545","title":{"rendered":"Qui\u00e9n es Gonzalo Belloso, hombre fuerte de Central y amigo de Tapia, Toviggino y Massa"},"content":{"rendered":"<ul>\n<li>Tras una dilatada carrera como futbolista, incursion\u00f3 en el mundo dirigencial. <\/li>\n<li>Arranc\u00f3 en Paraguay, sigui\u00f3 en la Conmebol y luego se propuso ser presidente del Canalla.<\/li>\n<li>Encontr\u00f3 un club devastado y lo acomod\u00f3 gracias a la ayuda de la AFA y del ex funcionario K.<\/li>\n<\/ul>\n<p>\u200bTras una dilatada carrera como futbolista, incursion\u00f3 en el mundo dirigencial. Arranc\u00f3 en Paraguay, sigui\u00f3 en la Conmebol y luego se propuso ser presidente del Canalla.Encontr\u00f3 un club devastado y lo acomod\u00f3 gracias a la ayuda de la AFA y del ex funcionario K.\u00a0<a href=\"https:\/\/www.clarin.com\/deportes\/gonzalo-belloso-hombre-fuerte-central-amigo-tapia-toviggino-massa_0_4dhlRxzzL2.html\" target=\"_blank\" class=\"feedzy-rss-link-icon\">Read More<\/a><\/p>","protected":false},"excerpt":{"rendered":"<p>Tras una dilatada carrera como futbolista, incursion\u00f3 en el mundo dirigencial. Arranc\u00f3 en Paraguay, sigui\u00f3&#8230;<\/p>\n","protected":false},"author":1,"featured_media":0,"comment_status":"open","ping_status":"open","sticky":false,"template":"","format":"standard","meta":{"footnotes":""},"categories":[6],"tags":[],"class_list":["post-50545","post","type-post","status-publish","format-standard","has-post-thumbnail","hentry","category-deportes"],"_links":{"self":[{"href":"https:\/\/masquenoticiastucuman.com.ar\/index.php?rest_route=\/wp\/v2\/posts\/50545","targetHints":{"allow":["GET"]}}],"collection":[{"href":"https:\/\/masquenoticiastucuman.com.ar\/index.php?rest_route=\/wp\/v2\/posts"}],"about":[{"href":"https:\/\/masquenoticiastucuman.com.ar\/index.php?rest_route=\/wp\/v2\/types\/post"}],"author":[{"embeddable":true,"href":"https:\/\/masquenoticiastucuman.com.ar\/index.php?rest_route=\/wp\/v2\/users\/1"}],"replies":[{"embeddable":true,"href":"https:\/\/masquenoticiastucuman.com.ar\/index.php?rest_route=%2Fwp%2Fv2%2Fcomments&post=50545"}],"version-history":[{"count":0,"href":"https:\/\/masquenoticiastucuman.com.ar\/index.php?rest_route=\/wp\/v2\/posts\/50545\/revisions"}],"wp:attachment":[{"href":"https:\/\/masquenoticiastucuman.com.ar\/index.php?rest_route=%2Fwp%2Fv2%2Fmedia&parent=50545"}],"wp:term":[{"taxonomy":"category","embeddable":true,"href":"https:\/\/masquenoticiastucuman.com.ar\/index.php?rest_route=%2Fwp%2Fv2%2Fcategories&post=50545"},{"taxonomy":"post_tag","embeddable":true,"href":"https:\/\/masquenoticiastucuman.com.ar\/index.php?rest_route=%2Fwp%2Fv2%2Ftags&post=50545"}],"curies":[{"name":"wp","href":"https:\/\/api.w.org\/{rel}","templated":true}]}}