{"id":50547,"date":"2025-11-24T22:54:19","date_gmt":"2025-11-25T01:54:19","guid":{"rendered":"http:\/\/masquenoticiastucuman.com.ar\/?p=50547"},"modified":"2025-11-24T22:54:19","modified_gmt":"2025-11-25T01:54:19","slug":"marcelo-gallardo-sin-filtro-tras-la-eliminacion-de-river-del-no-me-voy-a-desnudar-aca-al-esto-no-va-a-terminar-asi","status":"publish","type":"post","link":"https:\/\/masquenoticiastucuman.com.ar\/?p=50547","title":{"rendered":"Marcelo Gallardo, sin filtro tras la eliminaci\u00f3n de River: del &#8220;no me voy a desnudar ac\u00e1&#8221; al &#8220;esto no va a terminar as\u00ed&#8221;"},"content":{"rendered":"<ul>\n<li>El DT del Millonario aclar\u00f3 que no se le cruza por la cabeza la idea de dejar el cargo.<\/li>\n<li>E hizo una fuerte autocr\u00edtica luego de haber tenido un a\u00f1o para el olvido. <\/li>\n<\/ul>\n<p>\u200bEl DT del Millonario aclar\u00f3 que no se le cruza por la cabeza la idea de dejar el cargo.E hizo una fuerte autocr\u00edtica luego de haber tenido un a\u00f1o para el olvido.\u00a0<a href=\"https:\/\/www.clarin.com\/deportes\/marcelo-gallardo-filtro-eliminacion-river-voy-desnudar-aca-pesimo-trimestre_0_eQvBL4CxcO.html\" target=\"_blank\" class=\"feedzy-rss-link-icon\">Read More<\/a><\/p>","protected":false},"excerpt":{"rendered":"<p>El DT del Millonario aclar\u00f3 que no se le cruza por la cabeza la idea&#8230;<\/p>\n","protected":false},"author":1,"featured_media":0,"comment_status":"open","ping_status":"open","sticky":false,"template":"","format":"standard","meta":{"footnotes":""},"categories":[6],"tags":[],"class_list":["post-50547","post","type-post","status-publish","format-standard","has-post-thumbnail","hentry","category-deportes"],"_links":{"self":[{"href":"https:\/\/masquenoticiastucuman.com.ar\/index.php?rest_route=\/wp\/v2\/posts\/50547","targetHints":{"allow":["GET"]}}],"collection":[{"href":"https:\/\/masquenoticiastucuman.com.ar\/index.php?rest_route=\/wp\/v2\/posts"}],"about":[{"href":"https:\/\/masquenoticiastucuman.com.ar\/index.php?rest_route=\/wp\/v2\/types\/post"}],"author":[{"embeddable":true,"href":"https:\/\/masquenoticiastucuman.com.ar\/index.php?rest_route=\/wp\/v2\/users\/1"}],"replies":[{"embeddable":true,"href":"https:\/\/masquenoticiastucuman.com.ar\/index.php?rest_route=%2Fwp%2Fv2%2Fcomments&post=50547"}],"version-history":[{"count":0,"href":"https:\/\/masquenoticiastucuman.com.ar\/index.php?rest_route=\/wp\/v2\/posts\/50547\/revisions"}],"wp:attachment":[{"href":"https:\/\/masquenoticiastucuman.com.ar\/index.php?rest_route=%2Fwp%2Fv2%2Fmedia&parent=50547"}],"wp:term":[{"taxonomy":"category","embeddable":true,"href":"https:\/\/masquenoticiastucuman.com.ar\/index.php?rest_route=%2Fwp%2Fv2%2Fcategories&post=50547"},{"taxonomy":"post_tag","embeddable":true,"href":"https:\/\/masquenoticiastucuman.com.ar\/index.php?rest_route=%2Fwp%2Fv2%2Ftags&post=50547"}],"curies":[{"name":"wp","href":"https:\/\/api.w.org\/{rel}","templated":true}]}}