{"id":50596,"date":"2025-11-25T12:55:15","date_gmt":"2025-11-25T15:55:15","guid":{"rendered":"http:\/\/masquenoticiastucuman.com.ar\/?p=50596"},"modified":"2025-11-25T12:55:15","modified_gmt":"2025-11-25T15:55:15","slug":"altas-y-bajas-de-empresas-hay-17-323-menos-en-15-meses","status":"publish","type":"post","link":"https:\/\/masquenoticiastucuman.com.ar\/?p=50596","title":{"rendered":"Altas y bajas de empresas: hay 17.323 menos en 15 meses"},"content":{"rendered":"<ul>\n<li>En 2024 y el primer trimestre de 2025, se crearon 79.787 empresas y cerraron 97.110.<\/li>\n<li>Esto afect\u00f3 a 17.949 trabajadores, seg\u00fan la Secretar\u00eda de Trabajo.<\/li>\n<\/ul>\n<p>\u200bEn 2024 y el primer trimestre de 2025, se crearon 79.787 empresas y cerraron 97.110.Esto afect\u00f3 a 17.949 trabajadores, seg\u00fan la Secretar\u00eda de Trabajo.\u00a0<a href=\"https:\/\/www.clarin.com\/economia\/altas-bajas-empresas-17323-15-meses_0_HBmyT1PvoY.html\" target=\"_blank\" class=\"feedzy-rss-link-icon\">Read More<\/a><\/p>","protected":false},"excerpt":{"rendered":"<p>En 2024 y el primer trimestre de 2025, se crearon 79.787 empresas y cerraron 97.110&#8230;.<\/p>\n","protected":false},"author":1,"featured_media":0,"comment_status":"open","ping_status":"open","sticky":false,"template":"","format":"standard","meta":{"footnotes":""},"categories":[3],"tags":[],"class_list":["post-50596","post","type-post","status-publish","format-standard","has-post-thumbnail","hentry","category-nacionales"],"_links":{"self":[{"href":"https:\/\/masquenoticiastucuman.com.ar\/index.php?rest_route=\/wp\/v2\/posts\/50596","targetHints":{"allow":["GET"]}}],"collection":[{"href":"https:\/\/masquenoticiastucuman.com.ar\/index.php?rest_route=\/wp\/v2\/posts"}],"about":[{"href":"https:\/\/masquenoticiastucuman.com.ar\/index.php?rest_route=\/wp\/v2\/types\/post"}],"author":[{"embeddable":true,"href":"https:\/\/masquenoticiastucuman.com.ar\/index.php?rest_route=\/wp\/v2\/users\/1"}],"replies":[{"embeddable":true,"href":"https:\/\/masquenoticiastucuman.com.ar\/index.php?rest_route=%2Fwp%2Fv2%2Fcomments&post=50596"}],"version-history":[{"count":0,"href":"https:\/\/masquenoticiastucuman.com.ar\/index.php?rest_route=\/wp\/v2\/posts\/50596\/revisions"}],"wp:attachment":[{"href":"https:\/\/masquenoticiastucuman.com.ar\/index.php?rest_route=%2Fwp%2Fv2%2Fmedia&parent=50596"}],"wp:term":[{"taxonomy":"category","embeddable":true,"href":"https:\/\/masquenoticiastucuman.com.ar\/index.php?rest_route=%2Fwp%2Fv2%2Fcategories&post=50596"},{"taxonomy":"post_tag","embeddable":true,"href":"https:\/\/masquenoticiastucuman.com.ar\/index.php?rest_route=%2Fwp%2Fv2%2Ftags&post=50596"}],"curies":[{"name":"wp","href":"https:\/\/api.w.org\/{rel}","templated":true}]}}