{"id":50597,"date":"2025-11-25T12:11:51","date_gmt":"2025-11-25T15:11:51","guid":{"rendered":"http:\/\/masquenoticiastucuman.com.ar\/?p=50597"},"modified":"2025-11-25T12:11:51","modified_gmt":"2025-11-25T15:11:51","slug":"trump-viaja-a-mar-a-lago-por-accion-de-gracias-primero-indulta-a-waddle-y-gobble-dos-pavos-en-la-casa-blanca","status":"publish","type":"post","link":"https:\/\/masquenoticiastucuman.com.ar\/?p=50597","title":{"rendered":"Trump viaja a Mar-a-Lago por Acci\u00f3n de Gracias: primero &#8220;indulta&#8221; a Waddle y Gobble, dos pavos en la Casa Blanca"},"content":{"rendered":"<ul>\n<li>El presidente cumple as\u00ed con la c\u00e9lebre tradici\u00f3n de perdonar la vida a dos aves, que son el plato t\u00edpico de esta festividad.<\/li>\n<li>Tras el acto, partir\u00e1 a su resort en Florida donde enfrentar\u00e1 una agenda cargada y un segundo mandato complicado.<\/li>\n<\/ul>\n<p>\u200bEl presidente cumple as\u00ed con la c\u00e9lebre tradici\u00f3n de perdonar la vida a dos aves, que son el plato t\u00edpico de esta festividad.Tras el acto, partir\u00e1 a su resort en Florida donde enfrentar\u00e1 una agenda cargada y un segundo mandato complicado.\u00a0<a href=\"https:\/\/www.clarin.com\/mundo\/trump-viaja-mar-lago-accion-gracias-primero-indulta-waddle-gobble-pavos-casa-blanca_0_uJAiHnu8FS.html\" target=\"_blank\" class=\"feedzy-rss-link-icon\">Read More<\/a><\/p>","protected":false},"excerpt":{"rendered":"<p>El presidente cumple as\u00ed con la c\u00e9lebre tradici\u00f3n de perdonar la vida a dos aves,&#8230;<\/p>\n","protected":false},"author":1,"featured_media":50598,"comment_status":"open","ping_status":"open","sticky":false,"template":"","format":"standard","meta":{"footnotes":""},"categories":[4],"tags":[],"class_list":["post-50597","post","type-post","status-publish","format-standard","has-post-thumbnail","hentry","category-internacionales"],"_links":{"self":[{"href":"https:\/\/masquenoticiastucuman.com.ar\/index.php?rest_route=\/wp\/v2\/posts\/50597","targetHints":{"allow":["GET"]}}],"collection":[{"href":"https:\/\/masquenoticiastucuman.com.ar\/index.php?rest_route=\/wp\/v2\/posts"}],"about":[{"href":"https:\/\/masquenoticiastucuman.com.ar\/index.php?rest_route=\/wp\/v2\/types\/post"}],"author":[{"embeddable":true,"href":"https:\/\/masquenoticiastucuman.com.ar\/index.php?rest_route=\/wp\/v2\/users\/1"}],"replies":[{"embeddable":true,"href":"https:\/\/masquenoticiastucuman.com.ar\/index.php?rest_route=%2Fwp%2Fv2%2Fcomments&post=50597"}],"version-history":[{"count":0,"href":"https:\/\/masquenoticiastucuman.com.ar\/index.php?rest_route=\/wp\/v2\/posts\/50597\/revisions"}],"wp:featuredmedia":[{"embeddable":true,"href":"https:\/\/masquenoticiastucuman.com.ar\/index.php?rest_route=\/wp\/v2\/media\/50598"}],"wp:attachment":[{"href":"https:\/\/masquenoticiastucuman.com.ar\/index.php?rest_route=%2Fwp%2Fv2%2Fmedia&parent=50597"}],"wp:term":[{"taxonomy":"category","embeddable":true,"href":"https:\/\/masquenoticiastucuman.com.ar\/index.php?rest_route=%2Fwp%2Fv2%2Fcategories&post=50597"},{"taxonomy":"post_tag","embeddable":true,"href":"https:\/\/masquenoticiastucuman.com.ar\/index.php?rest_route=%2Fwp%2Fv2%2Ftags&post=50597"}],"curies":[{"name":"wp","href":"https:\/\/api.w.org\/{rel}","templated":true}]}}