{"id":50603,"date":"2025-11-25T12:31:28","date_gmt":"2025-11-25T15:31:28","guid":{"rendered":"http:\/\/masquenoticiastucuman.com.ar\/?p=50603"},"modified":"2025-11-25T12:31:28","modified_gmt":"2025-11-25T15:31:28","slug":"brendan-fraser-dio-detalles-sobre-la-momia-4-y-aseguro-que-es-el-proyecto-con-el-que-suena-hace-20-anos","status":"publish","type":"post","link":"https:\/\/masquenoticiastucuman.com.ar\/?p=50603","title":{"rendered":"Brendan Fraser dio detalles sobre &#8220;La Momia 4&#8221; y asegur\u00f3 que es el proyecto con el que sue\u00f1a hace 20 a\u00f1os"},"content":{"rendered":"<ul>\n<li>El actor record\u00f3 c\u00f3mo imagin\u00f3 la continuaci\u00f3n de la famosa saga y revel\u00f3 que aquella idea in\u00e9dita finalmente ver\u00e1 la luz. <\/li>\n<li>A casi dos d\u00e9cadas de su \u00faltima aventura en el desierto, habl\u00f3 de expectativas, nostalgia y el tono que quiere recuperar en su esperado retorno.<\/li>\n<\/ul>\n<p>\u200bEl actor record\u00f3 c\u00f3mo imagin\u00f3 la continuaci\u00f3n de la famosa saga y revel\u00f3 que aquella idea in\u00e9dita finalmente ver\u00e1 la luz. A casi dos d\u00e9cadas de su \u00faltima aventura en el desierto, habl\u00f3 de expectativas, nostalgia y el tono que quiere recuperar en su esperado retorno.\u00a0<a href=\"https:\/\/www.clarin.com\/espectaculos\/brendan-fraser-dio-detalles-momia-4-aseguro-proyecto-suena-hace-20-anos_0_3V5TQmPnOZ.html\" target=\"_blank\" class=\"feedzy-rss-link-icon\">Read More<\/a><\/p>","protected":false},"excerpt":{"rendered":"<p>El actor record\u00f3 c\u00f3mo imagin\u00f3 la continuaci\u00f3n de la famosa saga y revel\u00f3 que aquella&#8230;<\/p>\n","protected":false},"author":1,"featured_media":50604,"comment_status":"open","ping_status":"open","sticky":false,"template":"","format":"standard","meta":{"footnotes":""},"categories":[5],"tags":[],"class_list":["post-50603","post","type-post","status-publish","format-standard","has-post-thumbnail","hentry","category-espectaculo"],"_links":{"self":[{"href":"https:\/\/masquenoticiastucuman.com.ar\/index.php?rest_route=\/wp\/v2\/posts\/50603","targetHints":{"allow":["GET"]}}],"collection":[{"href":"https:\/\/masquenoticiastucuman.com.ar\/index.php?rest_route=\/wp\/v2\/posts"}],"about":[{"href":"https:\/\/masquenoticiastucuman.com.ar\/index.php?rest_route=\/wp\/v2\/types\/post"}],"author":[{"embeddable":true,"href":"https:\/\/masquenoticiastucuman.com.ar\/index.php?rest_route=\/wp\/v2\/users\/1"}],"replies":[{"embeddable":true,"href":"https:\/\/masquenoticiastucuman.com.ar\/index.php?rest_route=%2Fwp%2Fv2%2Fcomments&post=50603"}],"version-history":[{"count":0,"href":"https:\/\/masquenoticiastucuman.com.ar\/index.php?rest_route=\/wp\/v2\/posts\/50603\/revisions"}],"wp:featuredmedia":[{"embeddable":true,"href":"https:\/\/masquenoticiastucuman.com.ar\/index.php?rest_route=\/wp\/v2\/media\/50604"}],"wp:attachment":[{"href":"https:\/\/masquenoticiastucuman.com.ar\/index.php?rest_route=%2Fwp%2Fv2%2Fmedia&parent=50603"}],"wp:term":[{"taxonomy":"category","embeddable":true,"href":"https:\/\/masquenoticiastucuman.com.ar\/index.php?rest_route=%2Fwp%2Fv2%2Fcategories&post=50603"},{"taxonomy":"post_tag","embeddable":true,"href":"https:\/\/masquenoticiastucuman.com.ar\/index.php?rest_route=%2Fwp%2Fv2%2Ftags&post=50603"}],"curies":[{"name":"wp","href":"https:\/\/api.w.org\/{rel}","templated":true}]}}