{"id":50605,"date":"2025-11-25T12:56:06","date_gmt":"2025-11-25T15:56:06","guid":{"rendered":"http:\/\/masquenoticiastucuman.com.ar\/?p=50605"},"modified":"2025-11-25T12:56:06","modified_gmt":"2025-11-25T15:56:06","slug":"brasil-jair-bolsonaro-pide-desde-prision-una-amnistia-al-congreso-para-los-condenados-por-golpismo","status":"publish","type":"post","link":"https:\/\/masquenoticiastucuman.com.ar\/?p=50605","title":{"rendered":"Brasil: Jair Bolsonaro pide desde prisi\u00f3n una amnist\u00eda al Congreso para los condenados por golpismo"},"content":{"rendered":"<ul>\n<li>&#8220;Es una petici\u00f3n directa suya a los presidentes Hugo Motta (de la C\u00e1mara) y Davi Alcolumbre (del Senado)&#8221;, comunic\u00f3 uno de sus hijos tras visitarlo en la c\u00e1rcel.<\/li>\n<li>El ex presidente est\u00e1 en una celda tras haber violado la prisi\u00f3n domiciliaria.<\/li>\n<\/ul>\n<p>\u200b&#8221;Es una petici\u00f3n directa suya a los presidentes Hugo Motta (de la C\u00e1mara) y Davi Alcolumbre (del Senado)&#8221;, comunic\u00f3 uno de sus hijos tras visitarlo en la c\u00e1rcel.El ex presidente est\u00e1 en una celda tras haber violado la prisi\u00f3n domiciliaria.\u00a0<a href=\"https:\/\/www.clarin.com\/mundo\/brasil-jair-bolsonaro-pide-prision-amnistia-congreso-condenados-golpismo_0_5y3fqa4HOJ.html\" target=\"_blank\" class=\"feedzy-rss-link-icon\">Read More<\/a><\/p>","protected":false},"excerpt":{"rendered":"<p>&#8220;Es una petici\u00f3n directa suya a los presidentes Hugo Motta (de la C\u00e1mara) y Davi&#8230;<\/p>\n","protected":false},"author":1,"featured_media":50606,"comment_status":"open","ping_status":"open","sticky":false,"template":"","format":"standard","meta":{"footnotes":""},"categories":[4],"tags":[],"class_list":["post-50605","post","type-post","status-publish","format-standard","has-post-thumbnail","hentry","category-internacionales"],"_links":{"self":[{"href":"https:\/\/masquenoticiastucuman.com.ar\/index.php?rest_route=\/wp\/v2\/posts\/50605","targetHints":{"allow":["GET"]}}],"collection":[{"href":"https:\/\/masquenoticiastucuman.com.ar\/index.php?rest_route=\/wp\/v2\/posts"}],"about":[{"href":"https:\/\/masquenoticiastucuman.com.ar\/index.php?rest_route=\/wp\/v2\/types\/post"}],"author":[{"embeddable":true,"href":"https:\/\/masquenoticiastucuman.com.ar\/index.php?rest_route=\/wp\/v2\/users\/1"}],"replies":[{"embeddable":true,"href":"https:\/\/masquenoticiastucuman.com.ar\/index.php?rest_route=%2Fwp%2Fv2%2Fcomments&post=50605"}],"version-history":[{"count":0,"href":"https:\/\/masquenoticiastucuman.com.ar\/index.php?rest_route=\/wp\/v2\/posts\/50605\/revisions"}],"wp:featuredmedia":[{"embeddable":true,"href":"https:\/\/masquenoticiastucuman.com.ar\/index.php?rest_route=\/wp\/v2\/media\/50606"}],"wp:attachment":[{"href":"https:\/\/masquenoticiastucuman.com.ar\/index.php?rest_route=%2Fwp%2Fv2%2Fmedia&parent=50605"}],"wp:term":[{"taxonomy":"category","embeddable":true,"href":"https:\/\/masquenoticiastucuman.com.ar\/index.php?rest_route=%2Fwp%2Fv2%2Fcategories&post=50605"},{"taxonomy":"post_tag","embeddable":true,"href":"https:\/\/masquenoticiastucuman.com.ar\/index.php?rest_route=%2Fwp%2Fv2%2Ftags&post=50605"}],"curies":[{"name":"wp","href":"https:\/\/api.w.org\/{rel}","templated":true}]}}