{"id":50607,"date":"2025-11-25T14:12:07","date_gmt":"2025-11-25T17:12:07","guid":{"rendered":"http:\/\/masquenoticiastucuman.com.ar\/?p=50607"},"modified":"2025-11-25T14:12:07","modified_gmt":"2025-11-25T17:12:07","slug":"oasis-la-fuerza-cultural-pop-mas-danina-en-la-historia-britanica-llego-a-su-fin-como-fue-gira-del-adios","status":"publish","type":"post","link":"https:\/\/masquenoticiastucuman.com.ar\/?p=50607","title":{"rendered":"Oasis, &#8220;la fuerza cultural pop m\u00e1s da\u00f1ina en la historia brit\u00e1nica&#8221;, lleg\u00f3 a su fin: c\u00f3mo fue gira del adi\u00f3s"},"content":{"rendered":"<ul>\n<li>El reencuentro de los hermanos Gallagher arriba de un escenario despu\u00e9s de 16 a\u00f1os se cerr\u00f3 con el show que acaban de dar en Brasil.<\/li>\n<li>&#8220;Ahora habr\u00e1 una pausa para un per\u00edodo de reflexi\u00f3n&#8221;, dijeron. \u00bfHabr\u00e1 yapa?<\/li>\n<\/ul>\n<p>\u200bEl reencuentro de los hermanos Gallagher arriba de un escenario despu\u00e9s de 16 a\u00f1os se cerr\u00f3 con el show que acaban de dar en Brasil.&#8221;Ahora habr\u00e1 una pausa para un per\u00edodo de reflexi\u00f3n&#8221;, dijeron. \u00bfHabr\u00e1 yapa?\u00a0<a href=\"https:\/\/www.clarin.com\/espectaculos\/oasis-fuerza-cultural-pop-danina-historia-britanica-llego-fin-gira-adios_0_6R9Ebt5QsT.html\" target=\"_blank\" class=\"feedzy-rss-link-icon\">Read More<\/a><\/p>","protected":false},"excerpt":{"rendered":"<p>El reencuentro de los hermanos Gallagher arriba de un escenario despu\u00e9s de 16 a\u00f1os se&#8230;<\/p>\n","protected":false},"author":1,"featured_media":50608,"comment_status":"open","ping_status":"open","sticky":false,"template":"","format":"standard","meta":{"footnotes":""},"categories":[5],"tags":[],"class_list":["post-50607","post","type-post","status-publish","format-standard","has-post-thumbnail","hentry","category-espectaculo"],"_links":{"self":[{"href":"https:\/\/masquenoticiastucuman.com.ar\/index.php?rest_route=\/wp\/v2\/posts\/50607","targetHints":{"allow":["GET"]}}],"collection":[{"href":"https:\/\/masquenoticiastucuman.com.ar\/index.php?rest_route=\/wp\/v2\/posts"}],"about":[{"href":"https:\/\/masquenoticiastucuman.com.ar\/index.php?rest_route=\/wp\/v2\/types\/post"}],"author":[{"embeddable":true,"href":"https:\/\/masquenoticiastucuman.com.ar\/index.php?rest_route=\/wp\/v2\/users\/1"}],"replies":[{"embeddable":true,"href":"https:\/\/masquenoticiastucuman.com.ar\/index.php?rest_route=%2Fwp%2Fv2%2Fcomments&post=50607"}],"version-history":[{"count":0,"href":"https:\/\/masquenoticiastucuman.com.ar\/index.php?rest_route=\/wp\/v2\/posts\/50607\/revisions"}],"wp:featuredmedia":[{"embeddable":true,"href":"https:\/\/masquenoticiastucuman.com.ar\/index.php?rest_route=\/wp\/v2\/media\/50608"}],"wp:attachment":[{"href":"https:\/\/masquenoticiastucuman.com.ar\/index.php?rest_route=%2Fwp%2Fv2%2Fmedia&parent=50607"}],"wp:term":[{"taxonomy":"category","embeddable":true,"href":"https:\/\/masquenoticiastucuman.com.ar\/index.php?rest_route=%2Fwp%2Fv2%2Fcategories&post=50607"},{"taxonomy":"post_tag","embeddable":true,"href":"https:\/\/masquenoticiastucuman.com.ar\/index.php?rest_route=%2Fwp%2Fv2%2Ftags&post=50607"}],"curies":[{"name":"wp","href":"https:\/\/api.w.org\/{rel}","templated":true}]}}