{"id":50609,"date":"2025-11-25T14:30:44","date_gmt":"2025-11-25T17:30:44","guid":{"rendered":"http:\/\/masquenoticiastucuman.com.ar\/?p=50609"},"modified":"2025-11-25T14:30:44","modified_gmt":"2025-11-25T17:30:44","slug":"balotaje-en-chile-el-ultraderechista-jose-antonio-kast-sumo-el-apoyo-del-ex-presidente-democristiano-eduardo-frei","status":"publish","type":"post","link":"https:\/\/masquenoticiastucuman.com.ar\/?p=50609","title":{"rendered":"Balotaje en Chile: el ultraderechista Jos\u00e9 Antonio Kast sum\u00f3 el apoyo del ex presidente democristiano Eduardo Frei"},"content":{"rendered":"<ul>\n<li>&#8220;Tuvimos una conversaci\u00f3n franca y profunda sobre los graves problemas que hoy nos afectan y la urgencia de generar acciones que resuelvan las necesidades que afectan a todos los chilenos&#8221;, dijo el ex jefe de Estado entre 1994 y 2000. <\/li>\n<li>&#8220;Pude constatar que coincidimos en los temas esenciales en este momento para nuestro pa\u00eds&#8221;, indic\u00f3 el exmandatario, hist\u00f3rico militante del Partido Dem\u00f3crata Cristiano (DC).<\/li>\n<\/ul>\n<p>\u200b&#8221;Tuvimos una conversaci\u00f3n franca y profunda sobre los graves problemas que hoy nos afectan y la urgencia de generar acciones que resuelvan las necesidades que afectan a todos los chilenos&#8221;, dijo el ex jefe de Estado entre 1994 y 2000. &#8220;Pude constatar que coincidimos en los temas esenciales en este momento para nuestro pa\u00eds&#8221;, indic\u00f3 el exmandatario, hist\u00f3rico militante del Partido Dem\u00f3crata Cristiano (DC).\u00a0<a href=\"https:\/\/www.clarin.com\/mundo\/balotaje-chile-ultraderechista-jose-antonio-kast-sumo-apoyo-ex-presidente-democristiano-eduardo-frei_0_qrSpMZOaqx.html\" target=\"_blank\" class=\"feedzy-rss-link-icon\">Read More<\/a><\/p>","protected":false},"excerpt":{"rendered":"<p>&#8220;Tuvimos una conversaci\u00f3n franca y profunda sobre los graves problemas que hoy nos afectan y&#8230;<\/p>\n","protected":false},"author":1,"featured_media":50610,"comment_status":"open","ping_status":"open","sticky":false,"template":"","format":"standard","meta":{"footnotes":""},"categories":[4],"tags":[],"class_list":["post-50609","post","type-post","status-publish","format-standard","has-post-thumbnail","hentry","category-internacionales"],"_links":{"self":[{"href":"https:\/\/masquenoticiastucuman.com.ar\/index.php?rest_route=\/wp\/v2\/posts\/50609","targetHints":{"allow":["GET"]}}],"collection":[{"href":"https:\/\/masquenoticiastucuman.com.ar\/index.php?rest_route=\/wp\/v2\/posts"}],"about":[{"href":"https:\/\/masquenoticiastucuman.com.ar\/index.php?rest_route=\/wp\/v2\/types\/post"}],"author":[{"embeddable":true,"href":"https:\/\/masquenoticiastucuman.com.ar\/index.php?rest_route=\/wp\/v2\/users\/1"}],"replies":[{"embeddable":true,"href":"https:\/\/masquenoticiastucuman.com.ar\/index.php?rest_route=%2Fwp%2Fv2%2Fcomments&post=50609"}],"version-history":[{"count":0,"href":"https:\/\/masquenoticiastucuman.com.ar\/index.php?rest_route=\/wp\/v2\/posts\/50609\/revisions"}],"wp:featuredmedia":[{"embeddable":true,"href":"https:\/\/masquenoticiastucuman.com.ar\/index.php?rest_route=\/wp\/v2\/media\/50610"}],"wp:attachment":[{"href":"https:\/\/masquenoticiastucuman.com.ar\/index.php?rest_route=%2Fwp%2Fv2%2Fmedia&parent=50609"}],"wp:term":[{"taxonomy":"category","embeddable":true,"href":"https:\/\/masquenoticiastucuman.com.ar\/index.php?rest_route=%2Fwp%2Fv2%2Fcategories&post=50609"},{"taxonomy":"post_tag","embeddable":true,"href":"https:\/\/masquenoticiastucuman.com.ar\/index.php?rest_route=%2Fwp%2Fv2%2Ftags&post=50609"}],"curies":[{"name":"wp","href":"https:\/\/api.w.org\/{rel}","templated":true}]}}