{"id":50612,"date":"2025-11-25T16:00:02","date_gmt":"2025-11-25T19:00:02","guid":{"rendered":"http:\/\/masquenoticiastucuman.com.ar\/?p=50612"},"modified":"2025-11-25T16:00:02","modified_gmt":"2025-11-25T19:00:02","slug":"ypf-sale-a-buscar-petroleo-y-gas-en-el-mar-de-uruguay-como-es-la-exploracion-offshore-y-los-parecidos-con-africa","status":"publish","type":"post","link":"https:\/\/masquenoticiastucuman.com.ar\/?p=50612","title":{"rendered":"YPF sale a buscar petr\u00f3leo y gas en el mar de Uruguay: c\u00f3mo es la exploraci\u00f3n &#8220;offshore&#8221; y los parecidos con \u00c1frica"},"content":{"rendered":"<ul>\n<li>La petrolera argentina se asocia con la italiana ENI para explorar a la altura de Punta del Este.<\/li>\n<li>La misma campa\u00f1a, pero en Mar del Plata, hasta ahora no dio \u00e9xito.<\/li>\n<\/ul>\n<p>\u200bLa petrolera argentina se asocia con la italiana ENI para explorar a la altura de Punta del Este.La misma campa\u00f1a, pero en Mar del Plata, hasta ahora no dio \u00e9xito.\u00a0<a href=\"https:\/\/www.clarin.com\/economia\/ypf-sale-buscar-petroleo-gas-mar-uruguay-exploracion-offshore-parecidos-africa_0_PiiVoKmQaj.html\" target=\"_blank\" class=\"feedzy-rss-link-icon\">Read More<\/a><\/p>","protected":false},"excerpt":{"rendered":"<p>La petrolera argentina se asocia con la italiana ENI para explorar a la altura de&#8230;<\/p>\n","protected":false},"author":1,"featured_media":0,"comment_status":"open","ping_status":"open","sticky":false,"template":"","format":"standard","meta":{"footnotes":""},"categories":[3],"tags":[],"class_list":["post-50612","post","type-post","status-publish","format-standard","has-post-thumbnail","hentry","category-nacionales"],"_links":{"self":[{"href":"https:\/\/masquenoticiastucuman.com.ar\/index.php?rest_route=\/wp\/v2\/posts\/50612","targetHints":{"allow":["GET"]}}],"collection":[{"href":"https:\/\/masquenoticiastucuman.com.ar\/index.php?rest_route=\/wp\/v2\/posts"}],"about":[{"href":"https:\/\/masquenoticiastucuman.com.ar\/index.php?rest_route=\/wp\/v2\/types\/post"}],"author":[{"embeddable":true,"href":"https:\/\/masquenoticiastucuman.com.ar\/index.php?rest_route=\/wp\/v2\/users\/1"}],"replies":[{"embeddable":true,"href":"https:\/\/masquenoticiastucuman.com.ar\/index.php?rest_route=%2Fwp%2Fv2%2Fcomments&post=50612"}],"version-history":[{"count":0,"href":"https:\/\/masquenoticiastucuman.com.ar\/index.php?rest_route=\/wp\/v2\/posts\/50612\/revisions"}],"wp:attachment":[{"href":"https:\/\/masquenoticiastucuman.com.ar\/index.php?rest_route=%2Fwp%2Fv2%2Fmedia&parent=50612"}],"wp:term":[{"taxonomy":"category","embeddable":true,"href":"https:\/\/masquenoticiastucuman.com.ar\/index.php?rest_route=%2Fwp%2Fv2%2Fcategories&post=50612"},{"taxonomy":"post_tag","embeddable":true,"href":"https:\/\/masquenoticiastucuman.com.ar\/index.php?rest_route=%2Fwp%2Fv2%2Ftags&post=50612"}],"curies":[{"name":"wp","href":"https:\/\/api.w.org\/{rel}","templated":true}]}}