{"id":50613,"date":"2025-11-25T15:48:52","date_gmt":"2025-11-25T18:48:52","guid":{"rendered":"http:\/\/masquenoticiastucuman.com.ar\/?p=50613"},"modified":"2025-11-25T15:48:52","modified_gmt":"2025-11-25T18:48:52","slug":"venezuela-advirtio-que-las-aerolineas-que-suspendieron-sus-vuelos-al-pais-podrian-perder-su-derecho-a-trafico-si-no-los-reanudan-en-48-horas","status":"publish","type":"post","link":"https:\/\/masquenoticiastucuman.com.ar\/?p=50613","title":{"rendered":"Venezuela advirti\u00f3 que las aerol\u00edneas que suspendieron sus vuelos al pa\u00eds podr\u00edan perder su derecho a tr\u00e1fico si no los reanudan en 48 horas"},"content":{"rendered":"<ul>\n<li>Once aerol\u00edneas, entre las que figuran europeas, latinoamericanas y venezolanas, cancelaron temporalmente sus vuelos.<\/li>\n<li>Estados Unidos hab\u00eda llamado a &#8220;extremar la precauci\u00f3n&#8221; ante &#8220;una situaci\u00f3n potencialmente peligrosa en la regi\u00f3n&#8221;.<\/li>\n<\/ul>\n<p>\u200bOnce aerol\u00edneas, entre las que figuran europeas, latinoamericanas y venezolanas, cancelaron temporalmente sus vuelos.Estados Unidos hab\u00eda llamado a &#8220;extremar la precauci\u00f3n&#8221; ante &#8220;una situaci\u00f3n potencialmente peligrosa en la regi\u00f3n&#8221;.\u00a0<a href=\"https:\/\/www.clarin.com\/mundo\/venezuela-advirtio-aerolineas-suspendieron-vuelos-pais-podrian-perder-derecho-trafico-reanudan-48-horas_0_hsHoyRyn47.html\" target=\"_blank\" class=\"feedzy-rss-link-icon\">Read More<\/a><\/p>","protected":false},"excerpt":{"rendered":"<p>Once aerol\u00edneas, entre las que figuran europeas, latinoamericanas y venezolanas, cancelaron temporalmente sus vuelos. Estados&#8230;<\/p>\n","protected":false},"author":1,"featured_media":50614,"comment_status":"open","ping_status":"open","sticky":false,"template":"","format":"standard","meta":{"footnotes":""},"categories":[4],"tags":[],"class_list":["post-50613","post","type-post","status-publish","format-standard","has-post-thumbnail","hentry","category-internacionales"],"_links":{"self":[{"href":"https:\/\/masquenoticiastucuman.com.ar\/index.php?rest_route=\/wp\/v2\/posts\/50613","targetHints":{"allow":["GET"]}}],"collection":[{"href":"https:\/\/masquenoticiastucuman.com.ar\/index.php?rest_route=\/wp\/v2\/posts"}],"about":[{"href":"https:\/\/masquenoticiastucuman.com.ar\/index.php?rest_route=\/wp\/v2\/types\/post"}],"author":[{"embeddable":true,"href":"https:\/\/masquenoticiastucuman.com.ar\/index.php?rest_route=\/wp\/v2\/users\/1"}],"replies":[{"embeddable":true,"href":"https:\/\/masquenoticiastucuman.com.ar\/index.php?rest_route=%2Fwp%2Fv2%2Fcomments&post=50613"}],"version-history":[{"count":0,"href":"https:\/\/masquenoticiastucuman.com.ar\/index.php?rest_route=\/wp\/v2\/posts\/50613\/revisions"}],"wp:featuredmedia":[{"embeddable":true,"href":"https:\/\/masquenoticiastucuman.com.ar\/index.php?rest_route=\/wp\/v2\/media\/50614"}],"wp:attachment":[{"href":"https:\/\/masquenoticiastucuman.com.ar\/index.php?rest_route=%2Fwp%2Fv2%2Fmedia&parent=50613"}],"wp:term":[{"taxonomy":"category","embeddable":true,"href":"https:\/\/masquenoticiastucuman.com.ar\/index.php?rest_route=%2Fwp%2Fv2%2Fcategories&post=50613"},{"taxonomy":"post_tag","embeddable":true,"href":"https:\/\/masquenoticiastucuman.com.ar\/index.php?rest_route=%2Fwp%2Fv2%2Ftags&post=50613"}],"curies":[{"name":"wp","href":"https:\/\/api.w.org\/{rel}","templated":true}]}}