{"id":50615,"date":"2025-11-25T15:04:47","date_gmt":"2025-11-25T18:04:47","guid":{"rendered":"http:\/\/masquenoticiastucuman.com.ar\/?p=50615"},"modified":"2025-11-25T15:04:47","modified_gmt":"2025-11-25T18:04:47","slug":"brasil-el-tribunal-supremo-declara-firme-la-sentencia-a-27-anos-de-carcel-contra-jair-bolsonaro-por-golpismo","status":"publish","type":"post","link":"https:\/\/masquenoticiastucuman.com.ar\/?p=50615","title":{"rendered":"Brasil: el Tribunal Supremo declara firme la sentencia a 27 a\u00f1os de c\u00e1rcel contra Jair Bolsonaro por golpismo"},"content":{"rendered":"<ul>\n<li>La conclusi\u00f3n del proceso fue declarada despu\u00e9s de que la defensa del ex presidente renunciara a presentar nuevas apelaciones.<\/li>\n<li>El l\u00edder derechista estaba en prisi\u00f3n domiciliaria por incumplir diversas medidas cautelares e intentar romper la tobillera electr\u00f3nica.<\/li>\n<\/ul>\n<p>\u200bLa conclusi\u00f3n del proceso fue declarada despu\u00e9s de que la defensa del ex presidente renunciara a presentar nuevas apelaciones.El l\u00edder derechista estaba en prisi\u00f3n domiciliaria por incumplir diversas medidas cautelares e intentar romper la tobillera electr\u00f3nica.\u00a0<a href=\"https:\/\/www.clarin.com\/mundo\/brasil-tribunal-supremo-declara-firme-sentencia-27-anos-carcel-jair-bolsonaro-golpismo_0_jDw85uVzPZ.html\" target=\"_blank\" class=\"feedzy-rss-link-icon\">Read More<\/a><\/p>","protected":false},"excerpt":{"rendered":"<p>La conclusi\u00f3n del proceso fue declarada despu\u00e9s de que la defensa del ex presidente renunciara&#8230;<\/p>\n","protected":false},"author":1,"featured_media":50616,"comment_status":"open","ping_status":"open","sticky":false,"template":"","format":"standard","meta":{"footnotes":""},"categories":[4],"tags":[],"class_list":["post-50615","post","type-post","status-publish","format-standard","has-post-thumbnail","hentry","category-internacionales"],"_links":{"self":[{"href":"https:\/\/masquenoticiastucuman.com.ar\/index.php?rest_route=\/wp\/v2\/posts\/50615","targetHints":{"allow":["GET"]}}],"collection":[{"href":"https:\/\/masquenoticiastucuman.com.ar\/index.php?rest_route=\/wp\/v2\/posts"}],"about":[{"href":"https:\/\/masquenoticiastucuman.com.ar\/index.php?rest_route=\/wp\/v2\/types\/post"}],"author":[{"embeddable":true,"href":"https:\/\/masquenoticiastucuman.com.ar\/index.php?rest_route=\/wp\/v2\/users\/1"}],"replies":[{"embeddable":true,"href":"https:\/\/masquenoticiastucuman.com.ar\/index.php?rest_route=%2Fwp%2Fv2%2Fcomments&post=50615"}],"version-history":[{"count":0,"href":"https:\/\/masquenoticiastucuman.com.ar\/index.php?rest_route=\/wp\/v2\/posts\/50615\/revisions"}],"wp:featuredmedia":[{"embeddable":true,"href":"https:\/\/masquenoticiastucuman.com.ar\/index.php?rest_route=\/wp\/v2\/media\/50616"}],"wp:attachment":[{"href":"https:\/\/masquenoticiastucuman.com.ar\/index.php?rest_route=%2Fwp%2Fv2%2Fmedia&parent=50615"}],"wp:term":[{"taxonomy":"category","embeddable":true,"href":"https:\/\/masquenoticiastucuman.com.ar\/index.php?rest_route=%2Fwp%2Fv2%2Fcategories&post=50615"},{"taxonomy":"post_tag","embeddable":true,"href":"https:\/\/masquenoticiastucuman.com.ar\/index.php?rest_route=%2Fwp%2Fv2%2Ftags&post=50615"}],"curies":[{"name":"wp","href":"https:\/\/api.w.org\/{rel}","templated":true}]}}