{"id":50617,"date":"2025-11-25T15:42:41","date_gmt":"2025-11-25T18:42:41","guid":{"rendered":"http:\/\/masquenoticiastucuman.com.ar\/?p=50617"},"modified":"2025-11-25T15:42:41","modified_gmt":"2025-11-25T18:42:41","slug":"sorteo-del-mundial-2026-la-fifa-confirmo-los-bombos-y-revelo-un-detalle-clave-para-la-seleccion-argentina-para-el-5-de-diciembre-en-washington","status":"publish","type":"post","link":"https:\/\/masquenoticiastucuman.com.ar\/?p=50617","title":{"rendered":"Sorteo del Mundial 2026: la FIFA confirm\u00f3 los bombos y revel\u00f3 un detalle clave para la Selecci\u00f3n Argentina para el 5 de diciembre en Washington"},"content":{"rendered":"<ul>\n<li>La Albiceleste, vigente campeona, fue confirmada como una de los doce cabezas de serie, que tendr\u00e1 adem\u00e1s a los anfitriones Canad\u00e1, M\u00e9xico y Estados Unidos.<\/li>\n<li>A qu\u00e9 habr\u00e1 que prestarle atenci\u00f3n el pr\u00f3ximo viernes a las 14:00 (hora argentina).<\/li>\n<\/ul>\n<p>\u200bLa Albiceleste, vigente campeona, fue confirmada como una de los doce cabezas de serie, que tendr\u00e1 adem\u00e1s a los anfitriones Canad\u00e1, M\u00e9xico y Estados Unidos.A qu\u00e9 habr\u00e1 que prestarle atenci\u00f3n el pr\u00f3ximo viernes a las 14:00 (hora argentina).\u00a0<a href=\"https:\/\/www.clarin.com\/deportes\/sorteo-mundial-2026-fifa-confirmo-bombos-revelo-detalle-clave-seleccion-argentina-5-diciembre-washington_0_XQvHf6mAj6.html\" target=\"_blank\" class=\"feedzy-rss-link-icon\">Read More<\/a><\/p>","protected":false},"excerpt":{"rendered":"<p>La Albiceleste, vigente campeona, fue confirmada como una de los doce cabezas de serie, que&#8230;<\/p>\n","protected":false},"author":1,"featured_media":0,"comment_status":"open","ping_status":"open","sticky":false,"template":"","format":"standard","meta":{"footnotes":""},"categories":[6],"tags":[],"class_list":["post-50617","post","type-post","status-publish","format-standard","has-post-thumbnail","hentry","category-deportes"],"_links":{"self":[{"href":"https:\/\/masquenoticiastucuman.com.ar\/index.php?rest_route=\/wp\/v2\/posts\/50617","targetHints":{"allow":["GET"]}}],"collection":[{"href":"https:\/\/masquenoticiastucuman.com.ar\/index.php?rest_route=\/wp\/v2\/posts"}],"about":[{"href":"https:\/\/masquenoticiastucuman.com.ar\/index.php?rest_route=\/wp\/v2\/types\/post"}],"author":[{"embeddable":true,"href":"https:\/\/masquenoticiastucuman.com.ar\/index.php?rest_route=\/wp\/v2\/users\/1"}],"replies":[{"embeddable":true,"href":"https:\/\/masquenoticiastucuman.com.ar\/index.php?rest_route=%2Fwp%2Fv2%2Fcomments&post=50617"}],"version-history":[{"count":0,"href":"https:\/\/masquenoticiastucuman.com.ar\/index.php?rest_route=\/wp\/v2\/posts\/50617\/revisions"}],"wp:attachment":[{"href":"https:\/\/masquenoticiastucuman.com.ar\/index.php?rest_route=%2Fwp%2Fv2%2Fmedia&parent=50617"}],"wp:term":[{"taxonomy":"category","embeddable":true,"href":"https:\/\/masquenoticiastucuman.com.ar\/index.php?rest_route=%2Fwp%2Fv2%2Fcategories&post=50617"},{"taxonomy":"post_tag","embeddable":true,"href":"https:\/\/masquenoticiastucuman.com.ar\/index.php?rest_route=%2Fwp%2Fv2%2Ftags&post=50617"}],"curies":[{"name":"wp","href":"https:\/\/api.w.org\/{rel}","templated":true}]}}