{"id":50618,"date":"2025-11-25T15:25:45","date_gmt":"2025-11-25T18:25:45","guid":{"rendered":"http:\/\/masquenoticiastucuman.com.ar\/?p=50618"},"modified":"2025-11-25T15:25:45","modified_gmt":"2025-11-25T18:25:45","slug":"el-pdfgate-dejo-expuesto-otro-papelon-de-la-afa-y-los-peritos-informaticos-le-dan-la-razon-a-estudiantes-como-se-altera-un-documento-oficial","status":"publish","type":"post","link":"https:\/\/masquenoticiastucuman.com.ar\/?p=50618","title":{"rendered":"El PDFgate dej\u00f3 expuesto otro papel\u00f3n de la AFA y los peritos inform\u00e1ticos le dan la raz\u00f3n a Estudiantes: \u00bfc\u00f3mo se altera un documento oficial?"},"content":{"rendered":"<ul>\n<li>El esc\u00e1ndalo con el &#8220;espaldazo&#8221; al t\u00edtulo de Rosario Central abri\u00f3 la pol\u00e9mica.<\/li>\n<li>Desde la Liga amenazaron con castigar a los jugadores del Pincha por su gesto.<\/li>\n<li>El club de La Plata, asesorado por especialistas, no dudar\u00eda en judicializar el tema.<\/li>\n<\/ul>\n<p>\u200bEl esc\u00e1ndalo con el &#8220;espaldazo&#8221; al t\u00edtulo de Rosario Central abri\u00f3 la pol\u00e9mica.Desde la Liga amenazaron con castigar a los jugadores del Pincha por su gesto.El club de La Plata, asesorado por especialistas, no dudar\u00eda en judicializar el tema.\u00a0<a href=\"https:\/\/www.clarin.com\/deportes\/pdfgate-dejo-expuesto-papelon-afa-peritos-informaticos-dan-razon-estudiantes-altera-documento-oficial_0_LaxmtcrMaK.html\" target=\"_blank\" class=\"feedzy-rss-link-icon\">Read More<\/a><\/p>","protected":false},"excerpt":{"rendered":"<p>El esc\u00e1ndalo con el &#8220;espaldazo&#8221; al t\u00edtulo de Rosario Central abri\u00f3 la pol\u00e9mica. Desde la&#8230;<\/p>\n","protected":false},"author":1,"featured_media":0,"comment_status":"open","ping_status":"open","sticky":false,"template":"","format":"standard","meta":{"footnotes":""},"categories":[6],"tags":[],"class_list":["post-50618","post","type-post","status-publish","format-standard","has-post-thumbnail","hentry","category-deportes"],"_links":{"self":[{"href":"https:\/\/masquenoticiastucuman.com.ar\/index.php?rest_route=\/wp\/v2\/posts\/50618","targetHints":{"allow":["GET"]}}],"collection":[{"href":"https:\/\/masquenoticiastucuman.com.ar\/index.php?rest_route=\/wp\/v2\/posts"}],"about":[{"href":"https:\/\/masquenoticiastucuman.com.ar\/index.php?rest_route=\/wp\/v2\/types\/post"}],"author":[{"embeddable":true,"href":"https:\/\/masquenoticiastucuman.com.ar\/index.php?rest_route=\/wp\/v2\/users\/1"}],"replies":[{"embeddable":true,"href":"https:\/\/masquenoticiastucuman.com.ar\/index.php?rest_route=%2Fwp%2Fv2%2Fcomments&post=50618"}],"version-history":[{"count":0,"href":"https:\/\/masquenoticiastucuman.com.ar\/index.php?rest_route=\/wp\/v2\/posts\/50618\/revisions"}],"wp:attachment":[{"href":"https:\/\/masquenoticiastucuman.com.ar\/index.php?rest_route=%2Fwp%2Fv2%2Fmedia&parent=50618"}],"wp:term":[{"taxonomy":"category","embeddable":true,"href":"https:\/\/masquenoticiastucuman.com.ar\/index.php?rest_route=%2Fwp%2Fv2%2Fcategories&post=50618"},{"taxonomy":"post_tag","embeddable":true,"href":"https:\/\/masquenoticiastucuman.com.ar\/index.php?rest_route=%2Fwp%2Fv2%2Ftags&post=50618"}],"curies":[{"name":"wp","href":"https:\/\/api.w.org\/{rel}","templated":true}]}}