{"id":50619,"date":"2025-11-25T15:00:48","date_gmt":"2025-11-25T18:00:48","guid":{"rendered":"http:\/\/masquenoticiastucuman.com.ar\/?p=50619"},"modified":"2025-11-25T15:00:48","modified_gmt":"2025-11-25T18:00:48","slug":"el-cierre-del-mozarteum-argentino-en-el-colon-fue-una-luminosa-celebracion-de-la-simplicidad-el-silencio-y-la-pureza","status":"publish","type":"post","link":"https:\/\/masquenoticiastucuman.com.ar\/?p=50619","title":{"rendered":"El cierre del Mozarteum Argentino en el Col\u00f3n fue una luminosa celebraci\u00f3n de la simplicidad, el silencio y la pureza"},"content":{"rendered":"<ul>\n<li>Este lunes 24 se present\u00f3 la Estonian Philharmonic Chamber Choir y Tallinn Sinfonietta, con Andres Kaljuste como director. <\/li>\n<li>Culmin\u00f3 as\u00ed la temporada 73.<\/li>\n<\/ul>\n<p>\u200bEste lunes 24 se present\u00f3 la Estonian Philharmonic Chamber Choir y Tallinn Sinfonietta, con Andres Kaljuste como director. Culmin\u00f3 as\u00ed la temporada 73.\u00a0<a href=\"https:\/\/www.clarin.com\/espectaculos\/cierre-mozarteum-argentino-colon-luminosa-celebracion-simplicidad-silencio-pureza_0_FYN8eFWYWt.html\" target=\"_blank\" class=\"feedzy-rss-link-icon\">Read More<\/a><\/p>","protected":false},"excerpt":{"rendered":"<p>Este lunes 24 se present\u00f3 la Estonian Philharmonic Chamber Choir y Tallinn Sinfonietta, con Andres&#8230;<\/p>\n","protected":false},"author":1,"featured_media":50620,"comment_status":"open","ping_status":"open","sticky":false,"template":"","format":"standard","meta":{"footnotes":""},"categories":[5],"tags":[],"class_list":["post-50619","post","type-post","status-publish","format-standard","has-post-thumbnail","hentry","category-espectaculo"],"_links":{"self":[{"href":"https:\/\/masquenoticiastucuman.com.ar\/index.php?rest_route=\/wp\/v2\/posts\/50619","targetHints":{"allow":["GET"]}}],"collection":[{"href":"https:\/\/masquenoticiastucuman.com.ar\/index.php?rest_route=\/wp\/v2\/posts"}],"about":[{"href":"https:\/\/masquenoticiastucuman.com.ar\/index.php?rest_route=\/wp\/v2\/types\/post"}],"author":[{"embeddable":true,"href":"https:\/\/masquenoticiastucuman.com.ar\/index.php?rest_route=\/wp\/v2\/users\/1"}],"replies":[{"embeddable":true,"href":"https:\/\/masquenoticiastucuman.com.ar\/index.php?rest_route=%2Fwp%2Fv2%2Fcomments&post=50619"}],"version-history":[{"count":0,"href":"https:\/\/masquenoticiastucuman.com.ar\/index.php?rest_route=\/wp\/v2\/posts\/50619\/revisions"}],"wp:featuredmedia":[{"embeddable":true,"href":"https:\/\/masquenoticiastucuman.com.ar\/index.php?rest_route=\/wp\/v2\/media\/50620"}],"wp:attachment":[{"href":"https:\/\/masquenoticiastucuman.com.ar\/index.php?rest_route=%2Fwp%2Fv2%2Fmedia&parent=50619"}],"wp:term":[{"taxonomy":"category","embeddable":true,"href":"https:\/\/masquenoticiastucuman.com.ar\/index.php?rest_route=%2Fwp%2Fv2%2Fcategories&post=50619"},{"taxonomy":"post_tag","embeddable":true,"href":"https:\/\/masquenoticiastucuman.com.ar\/index.php?rest_route=%2Fwp%2Fv2%2Ftags&post=50619"}],"curies":[{"name":"wp","href":"https:\/\/api.w.org\/{rel}","templated":true}]}}