{"id":50621,"date":"2025-11-25T16:13:42","date_gmt":"2025-11-25T19:13:42","guid":{"rendered":"http:\/\/masquenoticiastucuman.com.ar\/?p=50621"},"modified":"2025-11-25T16:13:42","modified_gmt":"2025-11-25T19:13:42","slug":"marcelo-gallardo-pasa-la-escoba-para-el-river-2026-tras-el-fracaso-todos-los-que-se-van-los-borrados-y-un-par-de-refuerzos-apuntados","status":"publish","type":"post","link":"https:\/\/masquenoticiastucuman.com.ar\/?p=50621","title":{"rendered":"Marcelo Gallardo pasa la escoba para el River 2026 tras el fracaso: todos los que se van, los borrados y un par de refuerzos apuntados"},"content":{"rendered":"<ul>\n<li>El Mu\u00f1eco trabaja en lo que viene luego de la eliminaci\u00f3n en el Torneo Clausura.<\/li>\n<li>El entrenador se reunir\u00e1 con los jugadores para anunciar qui\u00e9nes quedan afuera.<\/li>\n<li>Sale a comprar futbolistas en puestos clave y ya necocian por un centrodelantero.<\/li>\n<\/ul>\n<p>\u200bEl Mu\u00f1eco trabaja en lo que viene luego de la eliminaci\u00f3n en el Torneo Clausura.El entrenador se reunir\u00e1 con los jugadores para anunciar qui\u00e9nes quedan afuera.Sale a comprar futbolistas en puestos clave y ya necocian por un centrodelantero.\u00a0<a href=\"https:\/\/www.clarin.com\/deportes\/marcelo-gallardo-pasa-escoba-river-2026-llega-nueva-mentalidad-par-refuerzos-apuesta-fuerte-juveniles_0_NArwXTLZY3.html\" target=\"_blank\" class=\"feedzy-rss-link-icon\">Read More<\/a><\/p>","protected":false},"excerpt":{"rendered":"<p>El Mu\u00f1eco trabaja en lo que viene luego de la eliminaci\u00f3n en el Torneo Clausura&#8230;.<\/p>\n","protected":false},"author":1,"featured_media":0,"comment_status":"open","ping_status":"open","sticky":false,"template":"","format":"standard","meta":{"footnotes":""},"categories":[6],"tags":[],"class_list":["post-50621","post","type-post","status-publish","format-standard","has-post-thumbnail","hentry","category-deportes"],"_links":{"self":[{"href":"https:\/\/masquenoticiastucuman.com.ar\/index.php?rest_route=\/wp\/v2\/posts\/50621","targetHints":{"allow":["GET"]}}],"collection":[{"href":"https:\/\/masquenoticiastucuman.com.ar\/index.php?rest_route=\/wp\/v2\/posts"}],"about":[{"href":"https:\/\/masquenoticiastucuman.com.ar\/index.php?rest_route=\/wp\/v2\/types\/post"}],"author":[{"embeddable":true,"href":"https:\/\/masquenoticiastucuman.com.ar\/index.php?rest_route=\/wp\/v2\/users\/1"}],"replies":[{"embeddable":true,"href":"https:\/\/masquenoticiastucuman.com.ar\/index.php?rest_route=%2Fwp%2Fv2%2Fcomments&post=50621"}],"version-history":[{"count":0,"href":"https:\/\/masquenoticiastucuman.com.ar\/index.php?rest_route=\/wp\/v2\/posts\/50621\/revisions"}],"wp:attachment":[{"href":"https:\/\/masquenoticiastucuman.com.ar\/index.php?rest_route=%2Fwp%2Fv2%2Fmedia&parent=50621"}],"wp:term":[{"taxonomy":"category","embeddable":true,"href":"https:\/\/masquenoticiastucuman.com.ar\/index.php?rest_route=%2Fwp%2Fv2%2Fcategories&post=50621"},{"taxonomy":"post_tag","embeddable":true,"href":"https:\/\/masquenoticiastucuman.com.ar\/index.php?rest_route=%2Fwp%2Fv2%2Ftags&post=50621"}],"curies":[{"name":"wp","href":"https:\/\/api.w.org\/{rel}","templated":true}]}}