{"id":50624,"date":"2025-11-25T16:35:07","date_gmt":"2025-11-25T19:35:07","guid":{"rendered":"http:\/\/masquenoticiastucuman.com.ar\/?p=50624"},"modified":"2025-11-25T16:35:07","modified_gmt":"2025-11-25T19:35:07","slug":"donald-trump-dice-que-un-acuerdo-entre-ucrania-y-rusia-esta-cerca-pero-los-europeos-son-cautelosos","status":"publish","type":"post","link":"https:\/\/masquenoticiastucuman.com.ar\/?p=50624","title":{"rendered":"Donald Trump dice que un acuerdo entre Ucrania y Rusia est\u00e1 &#8220;cerca&#8221;, pero los europeos son cautelosos"},"content":{"rendered":"<ul>\n<li>&#8220;Lo vamos a lograr&#8221;, asegur\u00f3 el presidente de Estados Unidos. Sin embargo, funcionarios estadounidenses reconocieron que a\u00fan quedan cuestiones sensibles por resolver.<\/li>\n<li>Pero el presidente franc\u00e9s, Emmanuel Macron, enfri\u00f3 la idea de una soluci\u00f3n r\u00e1pida, al afirmar que &#8220;claramente no hay voluntad de parte de Rusia&#8221; para un alto el fuego o para discutir una nueva propuesta.<\/li>\n<\/ul>\n<p>\u200b&#8221;Lo vamos a lograr&#8221;, asegur\u00f3 el presidente de Estados Unidos. Sin embargo, funcionarios estadounidenses reconocieron que a\u00fan quedan cuestiones sensibles por resolver.Pero el presidente franc\u00e9s, Emmanuel Macron, enfri\u00f3 la idea de una soluci\u00f3n r\u00e1pida, al afirmar que &#8220;claramente no hay voluntad de parte de Rusia&#8221; para un alto el fuego o para discutir una nueva propuesta.\u00a0<a href=\"https:\/\/www.clarin.com\/mundo\/donald-trump-dice-acuerdo-ucrania-rusia-cerca-europeos-cautelosos_0_eaaVgVRiJy.html\" target=\"_blank\" class=\"feedzy-rss-link-icon\">Read More<\/a><\/p>","protected":false},"excerpt":{"rendered":"<p>&#8220;Lo vamos a lograr&#8221;, asegur\u00f3 el presidente de Estados Unidos. Sin embargo, funcionarios estadounidenses reconocieron&#8230;<\/p>\n","protected":false},"author":1,"featured_media":50625,"comment_status":"open","ping_status":"open","sticky":false,"template":"","format":"standard","meta":{"footnotes":""},"categories":[4],"tags":[],"class_list":["post-50624","post","type-post","status-publish","format-standard","has-post-thumbnail","hentry","category-internacionales"],"_links":{"self":[{"href":"https:\/\/masquenoticiastucuman.com.ar\/index.php?rest_route=\/wp\/v2\/posts\/50624","targetHints":{"allow":["GET"]}}],"collection":[{"href":"https:\/\/masquenoticiastucuman.com.ar\/index.php?rest_route=\/wp\/v2\/posts"}],"about":[{"href":"https:\/\/masquenoticiastucuman.com.ar\/index.php?rest_route=\/wp\/v2\/types\/post"}],"author":[{"embeddable":true,"href":"https:\/\/masquenoticiastucuman.com.ar\/index.php?rest_route=\/wp\/v2\/users\/1"}],"replies":[{"embeddable":true,"href":"https:\/\/masquenoticiastucuman.com.ar\/index.php?rest_route=%2Fwp%2Fv2%2Fcomments&post=50624"}],"version-history":[{"count":0,"href":"https:\/\/masquenoticiastucuman.com.ar\/index.php?rest_route=\/wp\/v2\/posts\/50624\/revisions"}],"wp:featuredmedia":[{"embeddable":true,"href":"https:\/\/masquenoticiastucuman.com.ar\/index.php?rest_route=\/wp\/v2\/media\/50625"}],"wp:attachment":[{"href":"https:\/\/masquenoticiastucuman.com.ar\/index.php?rest_route=%2Fwp%2Fv2%2Fmedia&parent=50624"}],"wp:term":[{"taxonomy":"category","embeddable":true,"href":"https:\/\/masquenoticiastucuman.com.ar\/index.php?rest_route=%2Fwp%2Fv2%2Fcategories&post=50624"},{"taxonomy":"post_tag","embeddable":true,"href":"https:\/\/masquenoticiastucuman.com.ar\/index.php?rest_route=%2Fwp%2Fv2%2Ftags&post=50624"}],"curies":[{"name":"wp","href":"https:\/\/api.w.org\/{rel}","templated":true}]}}