{"id":50659,"date":"2025-11-25T12:31:00","date_gmt":"2025-11-25T15:31:00","guid":{"rendered":"http:\/\/masquenoticiastucuman.com.ar\/?p=50659"},"modified":"2025-11-25T12:31:00","modified_gmt":"2025-11-25T15:31:00","slug":"legislar-en-tiempos-de-inteligencia-artificial-el-desafio-de-gobernar-el-futuro","status":"publish","type":"post","link":"https:\/\/masquenoticiastucuman.com.ar\/?p=50659","title":{"rendered":"Legislar en tiempos de inteligencia artificial: el desaf\u00edo de gobernar el futuro"},"content":{"rendered":"<p>La inteligencia artificial ya transforma industrias, empleos y v\u00ednculos sociales. Pero a\u00fan est\u00e1 lejos de poder asumir decisiones trascendentales<\/p>\n<p>                                                                <!-- Begin comScore Tag --><\/p>\n<p>                                    <img decoding=\"async\" src=\"https:\/\/sb.scorecardresearch.com\/p?c1=2&amp;c2=16597048&amp;cv=3.6.0&amp;cj=1\" \/><\/p>\n<p>                                <!-- End comScore Tag --><\/p>\n<p>                            \u200bLa inteligencia artificial ya transforma industrias, empleos y v\u00ednculos sociales. Pero a\u00fan est\u00e1 lejos de poder asumir decisiones trascendentales\u00a0<a href=\"https:\/\/www.iprofesional.com\/tecnologia\/442649-legislar-en-tiempos-de-inteligencia-artificial-el-desafio-de-gobernar-el-futuro\" target=\"_blank\" class=\"feedzy-rss-link-icon\">Read More<\/a><\/p>","protected":false},"excerpt":{"rendered":"<p>La inteligencia artificial ya transforma industrias, empleos y v\u00ednculos sociales. Pero a\u00fan est\u00e1 lejos de&#8230;<\/p>\n","protected":false},"author":1,"featured_media":0,"comment_status":"open","ping_status":"open","sticky":false,"template":"","format":"standard","meta":{"footnotes":""},"categories":[8],"tags":[],"class_list":["post-50659","post","type-post","status-publish","format-standard","has-post-thumbnail","hentry","category-tecnologia"],"_links":{"self":[{"href":"https:\/\/masquenoticiastucuman.com.ar\/index.php?rest_route=\/wp\/v2\/posts\/50659","targetHints":{"allow":["GET"]}}],"collection":[{"href":"https:\/\/masquenoticiastucuman.com.ar\/index.php?rest_route=\/wp\/v2\/posts"}],"about":[{"href":"https:\/\/masquenoticiastucuman.com.ar\/index.php?rest_route=\/wp\/v2\/types\/post"}],"author":[{"embeddable":true,"href":"https:\/\/masquenoticiastucuman.com.ar\/index.php?rest_route=\/wp\/v2\/users\/1"}],"replies":[{"embeddable":true,"href":"https:\/\/masquenoticiastucuman.com.ar\/index.php?rest_route=%2Fwp%2Fv2%2Fcomments&post=50659"}],"version-history":[{"count":0,"href":"https:\/\/masquenoticiastucuman.com.ar\/index.php?rest_route=\/wp\/v2\/posts\/50659\/revisions"}],"wp:attachment":[{"href":"https:\/\/masquenoticiastucuman.com.ar\/index.php?rest_route=%2Fwp%2Fv2%2Fmedia&parent=50659"}],"wp:term":[{"taxonomy":"category","embeddable":true,"href":"https:\/\/masquenoticiastucuman.com.ar\/index.php?rest_route=%2Fwp%2Fv2%2Fcategories&post=50659"},{"taxonomy":"post_tag","embeddable":true,"href":"https:\/\/masquenoticiastucuman.com.ar\/index.php?rest_route=%2Fwp%2Fv2%2Ftags&post=50659"}],"curies":[{"name":"wp","href":"https:\/\/api.w.org\/{rel}","templated":true}]}}