{"id":50675,"date":"2025-11-26T11:42:43","date_gmt":"2025-11-26T14:42:43","guid":{"rendered":"https:\/\/masquenoticiastucuman.com.ar\/?p=50675"},"modified":"2025-11-26T11:42:44","modified_gmt":"2025-11-26T14:42:44","slug":"la-estudiante-herida-esta-estable-y-es-asistida-en-el-hospital-de-ninos","status":"publish","type":"post","link":"https:\/\/masquenoticiastucuman.com.ar\/?p=50675","title":{"rendered":"La estudiante herida est\u00e1 estable y es asistida en el hospital de ni\u00f1os"},"content":{"rendered":"\n<p>As\u00ed lo inform\u00f3 el ministro de Salud P\u00fablica, Luis Media Ruiz, quien detall\u00f3 que la menor, de 13 a\u00f1os, debi\u00f3 ser intervenida quirurgicamente.<\/p>\n\n\n\n<p>Una adolescente de 13 a\u00f1os result\u00f3 herida ayer durante el horario de clases en la Escuela Media de Alderetes, cuando un compa\u00f1ero de curso la apu\u00f1al\u00f3 en el pecho. El Ministerio de Salud P\u00fablica inform\u00f3 que la estudiante fue trasladada de inmediato al Hospital del Ni\u00f1o Jes\u00fas, donde fue intervenida y permanece bajo cuidados especializados.<\/p>\n\n\n\n<p>El titular de la cartera sanitaria,&nbsp;<strong>Luis Medina Ruiz<\/strong>, explic\u00f3 el estado cl\u00ednico de la paciente y las intervenciones realizadas. Antes de detallar la situaci\u00f3n actual, el ministro se\u00f1al\u00f3 la complejidad de este tipo de lesiones.&nbsp;<strong>\u201cSe encuentra estable, est\u00e1 en la terapia intermedia del Hospital de Ni\u00f1os e ingres\u00f3 con una herida que impresionaba superficial, pero una herida de arma blanca necesita una observaci\u00f3n permanente muy cercana, porque no se sabe hasta d\u00f3nde puede llegar\u201d,&nbsp;<\/strong>indic\u00f3.<\/p>\n\n\n\n<p>Luego, Medina Ruiz contextualiz\u00f3 la evoluci\u00f3n posterior y la necesidad de una cirug\u00eda. \u201cDurante la noche la paciente hizo un hematot\u00f3rax, que es sangre en la cavidad pleural, y fue intervenida. Fue operada, se coloc\u00f3 un tubo de drenaje y la chiquita est\u00e1 estable, consciente, l\u00facida, con tratamiento para el dolor en la terapia intermedia\u201d, detall\u00f3.<\/p>\n\n\n\n<p>El ministro tambi\u00e9n se refiri\u00f3 al trabajo articulado entre organismos provinciales. \u201cLos Ministerios de Educaci\u00f3n y Salud P\u00fablica trabajan en conjunto ante estos hechos. Anoche, est\u00e1bamos comunicados los dos, porque nos preocupa la chiquita y nos preocupa el resto de los compa\u00f1eros, porque esto habla de la violencia que existe en la sociedad\u201d, expres\u00f3.<\/p>\n\n\n\n<p>En este sentido, el funcionario destac\u00f3 que situaciones de violencia escolar se registran en distintos puntos del pa\u00eds y del mundo. \u201cHay un mundo convulsionado, en guerra, con mucha violencia, y lamentablemente esto llega tambi\u00e9n a los ni\u00f1os con este hecho que lamentamos mucho\u201d, se\u00f1al\u00f3 al ampliar su an\u00e1lisis.&nbsp;<strong>Seg\u00fan a\u00f1adi\u00f3, los equipos interdisciplinarios ya se encuentran abocados a acompa\u00f1ar a la comunidad educativa. \u201cEstamos trabajando en contener a los chicos, los compa\u00f1eros y, por supuesto, a la familia\u201d, afirm\u00f3.<\/strong><\/p>\n","protected":false},"excerpt":{"rendered":"<p>As\u00ed lo inform\u00f3 el ministro de Salud P\u00fablica, Luis Media Ruiz, quien detall\u00f3 que la&#8230;<\/p>\n","protected":false},"author":2,"featured_media":50676,"comment_status":"open","ping_status":"open","sticky":false,"template":"","format":"standard","meta":{"footnotes":""},"categories":[2],"tags":[],"class_list":["post-50675","post","type-post","status-publish","format-standard","has-post-thumbnail","hentry","category-locales"],"_links":{"self":[{"href":"https:\/\/masquenoticiastucuman.com.ar\/index.php?rest_route=\/wp\/v2\/posts\/50675","targetHints":{"allow":["GET"]}}],"collection":[{"href":"https:\/\/masquenoticiastucuman.com.ar\/index.php?rest_route=\/wp\/v2\/posts"}],"about":[{"href":"https:\/\/masquenoticiastucuman.com.ar\/index.php?rest_route=\/wp\/v2\/types\/post"}],"author":[{"embeddable":true,"href":"https:\/\/masquenoticiastucuman.com.ar\/index.php?rest_route=\/wp\/v2\/users\/2"}],"replies":[{"embeddable":true,"href":"https:\/\/masquenoticiastucuman.com.ar\/index.php?rest_route=%2Fwp%2Fv2%2Fcomments&post=50675"}],"version-history":[{"count":1,"href":"https:\/\/masquenoticiastucuman.com.ar\/index.php?rest_route=\/wp\/v2\/posts\/50675\/revisions"}],"predecessor-version":[{"id":50677,"href":"https:\/\/masquenoticiastucuman.com.ar\/index.php?rest_route=\/wp\/v2\/posts\/50675\/revisions\/50677"}],"wp:featuredmedia":[{"embeddable":true,"href":"https:\/\/masquenoticiastucuman.com.ar\/index.php?rest_route=\/wp\/v2\/media\/50676"}],"wp:attachment":[{"href":"https:\/\/masquenoticiastucuman.com.ar\/index.php?rest_route=%2Fwp%2Fv2%2Fmedia&parent=50675"}],"wp:term":[{"taxonomy":"category","embeddable":true,"href":"https:\/\/masquenoticiastucuman.com.ar\/index.php?rest_route=%2Fwp%2Fv2%2Fcategories&post=50675"},{"taxonomy":"post_tag","embeddable":true,"href":"https:\/\/masquenoticiastucuman.com.ar\/index.php?rest_route=%2Fwp%2Fv2%2Ftags&post=50675"}],"curies":[{"name":"wp","href":"https:\/\/api.w.org\/{rel}","templated":true}]}}