{"id":50688,"date":"2025-11-26T11:32:38","date_gmt":"2025-11-26T14:32:38","guid":{"rendered":"http:\/\/masquenoticiastucuman.com.ar\/?p=50688"},"modified":"2025-11-26T11:32:38","modified_gmt":"2025-11-26T14:32:38","slug":"otro-mensaje-de-la-afa-tigre-le-hara-pasillo-de-campeon-a-lanus-por-su-consagracion-en-la-copa-sudamericana","status":"publish","type":"post","link":"https:\/\/masquenoticiastucuman.com.ar\/?p=50688","title":{"rendered":"Otro mensaje de la AFA: Tigre le har\u00e1 pasillo de campe\u00f3n a Lan\u00fas por su consagraci\u00f3n en la Copa Sudamericana"},"content":{"rendered":"<ul>\n<li>La decisi\u00f3n se da en el marco de la pol\u00e9mica vivida entre Rosario Central y Estudiantes.<\/li>\n<li>El Pincha les dio la espalda a Di Mar\u00eda y compa\u00f1\u00eda, en desacuerdo por el t\u00edtulo.<\/li>\n<li>Ahora, en sinton\u00eda con la l\u00ednea que baja Chiqui Tapia, el Grana ser\u00e1 homenajeado.<\/li>\n<\/ul>\n<p>\u200bLa decisi\u00f3n se da en el marco de la pol\u00e9mica vivida entre Rosario Central y Estudiantes.El Pincha les dio la espalda a Di Mar\u00eda y compa\u00f1\u00eda, en desacuerdo por el t\u00edtulo.Ahora, en sinton\u00eda con la l\u00ednea que baja Chiqui Tapia, el Grana ser\u00e1 homenajeado.\u00a0<a href=\"https:\/\/www.clarin.com\/deportes\/mensaje-afa-tigre-hara-pasillo-campeon-lanus-consagracion-copa-sudamericana_0_DWF2QVmoTl.html\" target=\"_blank\" class=\"feedzy-rss-link-icon\">Read More<\/a><\/p>","protected":false},"excerpt":{"rendered":"<p>La decisi\u00f3n se da en el marco de la pol\u00e9mica vivida entre Rosario Central y&#8230;<\/p>\n","protected":false},"author":1,"featured_media":0,"comment_status":"open","ping_status":"open","sticky":false,"template":"","format":"standard","meta":{"footnotes":""},"categories":[6],"tags":[],"class_list":["post-50688","post","type-post","status-publish","format-standard","has-post-thumbnail","hentry","category-deportes"],"_links":{"self":[{"href":"https:\/\/masquenoticiastucuman.com.ar\/index.php?rest_route=\/wp\/v2\/posts\/50688","targetHints":{"allow":["GET"]}}],"collection":[{"href":"https:\/\/masquenoticiastucuman.com.ar\/index.php?rest_route=\/wp\/v2\/posts"}],"about":[{"href":"https:\/\/masquenoticiastucuman.com.ar\/index.php?rest_route=\/wp\/v2\/types\/post"}],"author":[{"embeddable":true,"href":"https:\/\/masquenoticiastucuman.com.ar\/index.php?rest_route=\/wp\/v2\/users\/1"}],"replies":[{"embeddable":true,"href":"https:\/\/masquenoticiastucuman.com.ar\/index.php?rest_route=%2Fwp%2Fv2%2Fcomments&post=50688"}],"version-history":[{"count":0,"href":"https:\/\/masquenoticiastucuman.com.ar\/index.php?rest_route=\/wp\/v2\/posts\/50688\/revisions"}],"wp:attachment":[{"href":"https:\/\/masquenoticiastucuman.com.ar\/index.php?rest_route=%2Fwp%2Fv2%2Fmedia&parent=50688"}],"wp:term":[{"taxonomy":"category","embeddable":true,"href":"https:\/\/masquenoticiastucuman.com.ar\/index.php?rest_route=%2Fwp%2Fv2%2Fcategories&post=50688"},{"taxonomy":"post_tag","embeddable":true,"href":"https:\/\/masquenoticiastucuman.com.ar\/index.php?rest_route=%2Fwp%2Fv2%2Ftags&post=50688"}],"curies":[{"name":"wp","href":"https:\/\/api.w.org\/{rel}","templated":true}]}}