{"id":50693,"date":"2025-11-26T12:14:14","date_gmt":"2025-11-26T15:14:14","guid":{"rendered":"http:\/\/masquenoticiastucuman.com.ar\/?p=50693"},"modified":"2025-11-26T12:14:14","modified_gmt":"2025-11-26T15:14:14","slug":"baja-del-costo-laboral-suba-de-impuestos-y-menos-regulaciones-como-deberian-ser-las-reformas-segun-el-fmi","status":"publish","type":"post","link":"https:\/\/masquenoticiastucuman.com.ar\/?p=50693","title":{"rendered":"Baja del costo laboral, suba de impuestos y menos regulaciones: c\u00f3mo deber\u00edan ser las reformas, seg\u00fan el FMI"},"content":{"rendered":"<ul>\n<li>El Fondo Monetario y la OCDE organizaron en Uruguay un seminario sobre transformaciones estructurales en las leyes laborales y tributarias. <\/li>\n<li>Aseguraron que los proyectos de reforma en la regi\u00f3n tienen que priorizar la informalidad laboral y una carga tributaria menor al trabajo. <\/li>\n<li>Tambi\u00e9n que hay margen para subir impuestos inmobiliarios y a los ingresos de las personas.<\/li>\n<\/ul>\n<p>\u200bEl Fondo Monetario y la OCDE organizaron en Uruguay un seminario sobre transformaciones estructurales en las leyes laborales y tributarias. Aseguraron que los proyectos de reforma en la regi\u00f3n tienen que priorizar la informalidad laboral y una carga tributaria menor al trabajo. Tambi\u00e9n que hay margen para subir impuestos inmobiliarios y a los ingresos de las personas.\u00a0<a href=\"https:\/\/www.clarin.com\/economia\/baja-costo-laboral-suba-impuestos-regulaciones-deberian-reformas-fmi_0_jipRMXrZDR.html\" target=\"_blank\" class=\"feedzy-rss-link-icon\">Read More<\/a><\/p>","protected":false},"excerpt":{"rendered":"<p>El Fondo Monetario y la OCDE organizaron en Uruguay un seminario sobre transformaciones estructurales en&#8230;<\/p>\n","protected":false},"author":1,"featured_media":0,"comment_status":"open","ping_status":"open","sticky":false,"template":"","format":"standard","meta":{"footnotes":""},"categories":[3],"tags":[],"class_list":["post-50693","post","type-post","status-publish","format-standard","has-post-thumbnail","hentry","category-nacionales"],"_links":{"self":[{"href":"https:\/\/masquenoticiastucuman.com.ar\/index.php?rest_route=\/wp\/v2\/posts\/50693","targetHints":{"allow":["GET"]}}],"collection":[{"href":"https:\/\/masquenoticiastucuman.com.ar\/index.php?rest_route=\/wp\/v2\/posts"}],"about":[{"href":"https:\/\/masquenoticiastucuman.com.ar\/index.php?rest_route=\/wp\/v2\/types\/post"}],"author":[{"embeddable":true,"href":"https:\/\/masquenoticiastucuman.com.ar\/index.php?rest_route=\/wp\/v2\/users\/1"}],"replies":[{"embeddable":true,"href":"https:\/\/masquenoticiastucuman.com.ar\/index.php?rest_route=%2Fwp%2Fv2%2Fcomments&post=50693"}],"version-history":[{"count":0,"href":"https:\/\/masquenoticiastucuman.com.ar\/index.php?rest_route=\/wp\/v2\/posts\/50693\/revisions"}],"wp:attachment":[{"href":"https:\/\/masquenoticiastucuman.com.ar\/index.php?rest_route=%2Fwp%2Fv2%2Fmedia&parent=50693"}],"wp:term":[{"taxonomy":"category","embeddable":true,"href":"https:\/\/masquenoticiastucuman.com.ar\/index.php?rest_route=%2Fwp%2Fv2%2Fcategories&post=50693"},{"taxonomy":"post_tag","embeddable":true,"href":"https:\/\/masquenoticiastucuman.com.ar\/index.php?rest_route=%2Fwp%2Fv2%2Ftags&post=50693"}],"curies":[{"name":"wp","href":"https:\/\/api.w.org\/{rel}","templated":true}]}}