{"id":50694,"date":"2025-11-26T12:49:06","date_gmt":"2025-11-26T15:49:06","guid":{"rendered":"http:\/\/masquenoticiastucuman.com.ar\/?p=50694"},"modified":"2025-11-26T12:49:06","modified_gmt":"2025-11-26T15:49:06","slug":"dias-mas-cortos-senales-de-fatiga-trump-enfrenta-las-realidades-del-envejecimiento-en-el-cargo","status":"publish","type":"post","link":"https:\/\/masquenoticiastucuman.com.ar\/?p=50694","title":{"rendered":"D\u00edas m\u00e1s cortos, se\u00f1ales de fatiga: Trump enfrenta las realidades del envejecimiento en el cargo"},"content":{"rendered":"<ul>\n<li>Al final de su octava d\u00e9cada, Trump y la gente que lo rodea todav\u00eda hablan de \u00e9l como si fuera el Conejo de Energizer de la pol\u00edtica presidencial.<\/li>\n<li>La realidad es m\u00e1s complicada.<\/li>\n<\/ul>\n<p>\u200bAl final de su octava d\u00e9cada, Trump y la gente que lo rodea todav\u00eda hablan de \u00e9l como si fuera el Conejo de Energizer de la pol\u00edtica presidencial.La realidad es m\u00e1s complicada.\u00a0<a href=\"https:\/\/www.clarin.com\/new-york-times-international-weekly\/dias-cortos-senales-fatiga-trump-enfrenta-realidades-envejecimiento-cargo_0_VWaTokBJWQ.html\" target=\"_blank\" class=\"feedzy-rss-link-icon\">Read More<\/a><\/p>","protected":false},"excerpt":{"rendered":"<p>Al final de su octava d\u00e9cada, Trump y la gente que lo rodea todav\u00eda hablan&#8230;<\/p>\n","protected":false},"author":1,"featured_media":50695,"comment_status":"open","ping_status":"open","sticky":false,"template":"","format":"standard","meta":{"footnotes":""},"categories":[4],"tags":[],"class_list":["post-50694","post","type-post","status-publish","format-standard","has-post-thumbnail","hentry","category-internacionales"],"_links":{"self":[{"href":"https:\/\/masquenoticiastucuman.com.ar\/index.php?rest_route=\/wp\/v2\/posts\/50694","targetHints":{"allow":["GET"]}}],"collection":[{"href":"https:\/\/masquenoticiastucuman.com.ar\/index.php?rest_route=\/wp\/v2\/posts"}],"about":[{"href":"https:\/\/masquenoticiastucuman.com.ar\/index.php?rest_route=\/wp\/v2\/types\/post"}],"author":[{"embeddable":true,"href":"https:\/\/masquenoticiastucuman.com.ar\/index.php?rest_route=\/wp\/v2\/users\/1"}],"replies":[{"embeddable":true,"href":"https:\/\/masquenoticiastucuman.com.ar\/index.php?rest_route=%2Fwp%2Fv2%2Fcomments&post=50694"}],"version-history":[{"count":0,"href":"https:\/\/masquenoticiastucuman.com.ar\/index.php?rest_route=\/wp\/v2\/posts\/50694\/revisions"}],"wp:featuredmedia":[{"embeddable":true,"href":"https:\/\/masquenoticiastucuman.com.ar\/index.php?rest_route=\/wp\/v2\/media\/50695"}],"wp:attachment":[{"href":"https:\/\/masquenoticiastucuman.com.ar\/index.php?rest_route=%2Fwp%2Fv2%2Fmedia&parent=50694"}],"wp:term":[{"taxonomy":"category","embeddable":true,"href":"https:\/\/masquenoticiastucuman.com.ar\/index.php?rest_route=%2Fwp%2Fv2%2Fcategories&post=50694"},{"taxonomy":"post_tag","embeddable":true,"href":"https:\/\/masquenoticiastucuman.com.ar\/index.php?rest_route=%2Fwp%2Fv2%2Ftags&post=50694"}],"curies":[{"name":"wp","href":"https:\/\/api.w.org\/{rel}","templated":true}]}}