{"id":50696,"date":"2025-11-26T11:40:16","date_gmt":"2025-11-26T14:40:16","guid":{"rendered":"http:\/\/masquenoticiastucuman.com.ar\/?p=50696"},"modified":"2025-11-26T11:40:16","modified_gmt":"2025-11-26T14:40:16","slug":"vuelven-a-condenar-a-nicolas-sarkozy-por-el-caso-bygmalion-podria-volver-a-prision","status":"publish","type":"post","link":"https:\/\/masquenoticiastucuman.com.ar\/?p=50696","title":{"rendered":"Vuelven a condenar a Nicol\u00e1s Sarkozy por el caso &#8220;Bygmali\u00f3n&#8221;: podr\u00eda volver a prisi\u00f3n"},"content":{"rendered":"<ul>\n<li>Est\u00e1 acusado de haberse beneficiado de la financiaci\u00f3n ilegal de su fallida campa\u00f1a presidencial de 2012.<\/li>\n<li>El fallo de este mi\u00e9rcoles era su \u00faltimo recurso para evitar la condena de un a\u00f1o de prisi\u00f3n, con seis meses de prisi\u00f3n efectiva. El expresidente acaba de salir de la c\u00e1rcel por otra causa.<\/li>\n<\/ul>\n<p>\u200bEst\u00e1 acusado de haberse beneficiado de la financiaci\u00f3n ilegal de su fallida campa\u00f1a presidencial de 2012.El fallo de este mi\u00e9rcoles era su \u00faltimo recurso para evitar la condena de un a\u00f1o de prisi\u00f3n, con seis meses de prisi\u00f3n efectiva. El expresidente acaba de salir de la c\u00e1rcel por otra causa.\u00a0<a href=\"https:\/\/www.clarin.com\/mundo\/vuelven-condenar-nicolas-sarkozy-caso-bygmalion-podria-volver-prision_0_NeBhyrAHKE.html\" target=\"_blank\" class=\"feedzy-rss-link-icon\">Read More<\/a><\/p>","protected":false},"excerpt":{"rendered":"<p>Est\u00e1 acusado de haberse beneficiado de la financiaci\u00f3n ilegal de su fallida campa\u00f1a presidencial de&#8230;<\/p>\n","protected":false},"author":1,"featured_media":50697,"comment_status":"open","ping_status":"open","sticky":false,"template":"","format":"standard","meta":{"footnotes":""},"categories":[4],"tags":[],"class_list":["post-50696","post","type-post","status-publish","format-standard","has-post-thumbnail","hentry","category-internacionales"],"_links":{"self":[{"href":"https:\/\/masquenoticiastucuman.com.ar\/index.php?rest_route=\/wp\/v2\/posts\/50696","targetHints":{"allow":["GET"]}}],"collection":[{"href":"https:\/\/masquenoticiastucuman.com.ar\/index.php?rest_route=\/wp\/v2\/posts"}],"about":[{"href":"https:\/\/masquenoticiastucuman.com.ar\/index.php?rest_route=\/wp\/v2\/types\/post"}],"author":[{"embeddable":true,"href":"https:\/\/masquenoticiastucuman.com.ar\/index.php?rest_route=\/wp\/v2\/users\/1"}],"replies":[{"embeddable":true,"href":"https:\/\/masquenoticiastucuman.com.ar\/index.php?rest_route=%2Fwp%2Fv2%2Fcomments&post=50696"}],"version-history":[{"count":0,"href":"https:\/\/masquenoticiastucuman.com.ar\/index.php?rest_route=\/wp\/v2\/posts\/50696\/revisions"}],"wp:featuredmedia":[{"embeddable":true,"href":"https:\/\/masquenoticiastucuman.com.ar\/index.php?rest_route=\/wp\/v2\/media\/50697"}],"wp:attachment":[{"href":"https:\/\/masquenoticiastucuman.com.ar\/index.php?rest_route=%2Fwp%2Fv2%2Fmedia&parent=50696"}],"wp:term":[{"taxonomy":"category","embeddable":true,"href":"https:\/\/masquenoticiastucuman.com.ar\/index.php?rest_route=%2Fwp%2Fv2%2Fcategories&post=50696"},{"taxonomy":"post_tag","embeddable":true,"href":"https:\/\/masquenoticiastucuman.com.ar\/index.php?rest_route=%2Fwp%2Fv2%2Ftags&post=50696"}],"curies":[{"name":"wp","href":"https:\/\/api.w.org\/{rel}","templated":true}]}}