{"id":50702,"date":"2025-11-26T13:48:04","date_gmt":"2025-11-26T16:48:04","guid":{"rendered":"http:\/\/masquenoticiastucuman.com.ar\/?p=50702"},"modified":"2025-11-26T13:48:04","modified_gmt":"2025-11-26T16:48:04","slug":"el-papa-leon-xiv-parte-a-su-primer-viaje-internacional-dos-destinos-diversos-entre-la-historia-y-la-guerra","status":"publish","type":"post","link":"https:\/\/masquenoticiastucuman.com.ar\/?p=50702","title":{"rendered":"El papa Le\u00f3n XIV parte a su primer viaje internacional: dos destinos diversos entre la historia y la guerra"},"content":{"rendered":"<ul>\n<li>Este jueves parte en una gira de seis d\u00edas por Turqu\u00eda y L\u00edbano.<\/li>\n<li>El 2 de diciembre regres\u00e1 a Roma. La agenda.<\/li>\n<\/ul>\n<p>\u200bEste jueves parte en una gira de seis d\u00edas por Turqu\u00eda y L\u00edbano.El 2 de diciembre regres\u00e1 a Roma. La agenda.\u00a0<a href=\"https:\/\/www.clarin.com\/mundo\/papa-leon-xiv-parte-primer-viaje-internacional-destinos-diversos-historia-guerra_0_2h3NyhgWWJ.html\" target=\"_blank\" class=\"feedzy-rss-link-icon\">Read More<\/a><\/p>","protected":false},"excerpt":{"rendered":"<p>Este jueves parte en una gira de seis d\u00edas por Turqu\u00eda y L\u00edbano. El 2&#8230;<\/p>\n","protected":false},"author":1,"featured_media":50703,"comment_status":"open","ping_status":"open","sticky":false,"template":"","format":"standard","meta":{"footnotes":""},"categories":[4],"tags":[],"class_list":["post-50702","post","type-post","status-publish","format-standard","has-post-thumbnail","hentry","category-internacionales"],"_links":{"self":[{"href":"https:\/\/masquenoticiastucuman.com.ar\/index.php?rest_route=\/wp\/v2\/posts\/50702","targetHints":{"allow":["GET"]}}],"collection":[{"href":"https:\/\/masquenoticiastucuman.com.ar\/index.php?rest_route=\/wp\/v2\/posts"}],"about":[{"href":"https:\/\/masquenoticiastucuman.com.ar\/index.php?rest_route=\/wp\/v2\/types\/post"}],"author":[{"embeddable":true,"href":"https:\/\/masquenoticiastucuman.com.ar\/index.php?rest_route=\/wp\/v2\/users\/1"}],"replies":[{"embeddable":true,"href":"https:\/\/masquenoticiastucuman.com.ar\/index.php?rest_route=%2Fwp%2Fv2%2Fcomments&post=50702"}],"version-history":[{"count":0,"href":"https:\/\/masquenoticiastucuman.com.ar\/index.php?rest_route=\/wp\/v2\/posts\/50702\/revisions"}],"wp:featuredmedia":[{"embeddable":true,"href":"https:\/\/masquenoticiastucuman.com.ar\/index.php?rest_route=\/wp\/v2\/media\/50703"}],"wp:attachment":[{"href":"https:\/\/masquenoticiastucuman.com.ar\/index.php?rest_route=%2Fwp%2Fv2%2Fmedia&parent=50702"}],"wp:term":[{"taxonomy":"category","embeddable":true,"href":"https:\/\/masquenoticiastucuman.com.ar\/index.php?rest_route=%2Fwp%2Fv2%2Fcategories&post=50702"},{"taxonomy":"post_tag","embeddable":true,"href":"https:\/\/masquenoticiastucuman.com.ar\/index.php?rest_route=%2Fwp%2Fv2%2Ftags&post=50702"}],"curies":[{"name":"wp","href":"https:\/\/api.w.org\/{rel}","templated":true}]}}