{"id":50704,"date":"2025-11-26T13:12:09","date_gmt":"2025-11-26T16:12:09","guid":{"rendered":"http:\/\/masquenoticiastucuman.com.ar\/?p=50704"},"modified":"2025-11-26T13:12:09","modified_gmt":"2025-11-26T16:12:09","slug":"trump-asegura-que-no-ha-perdido-energia-y-rechaza-un-articulo-difamatorio-del-pasquin-the-new-york-times","status":"publish","type":"post","link":"https:\/\/masquenoticiastucuman.com.ar\/?p=50704","title":{"rendered":"Trump asegura que no ha perdido energ\u00eda y rechaza un art\u00edculo &#8220;difamatorio&#8221; del &#8220;pasqu\u00edn&#8221; The New York Times"},"content":{"rendered":"<ul>\n<li>La nota narra como la agenda del presidente se ha ido acortando y menciona ocasiones en las que al parecer se ha quedado dormido.<\/li>\n<li>&#8220;Habr\u00e1 un d\u00eda en que me falte energ\u00eda, le pasa a todos, \u00a1ciertamente no es ahora!&#8221;, escribi\u00f3 Trump en su red social.<\/li>\n<\/ul>\n<p>\u200bLa nota narra como la agenda del presidente se ha ido acortando y menciona ocasiones en las que al parecer se ha quedado dormido.&#8221;Habr\u00e1 un d\u00eda en que me falte energ\u00eda, le pasa a todos, \u00a1ciertamente no es ahora!&#8221;, escribi\u00f3 Trump en su red social.\u00a0<a href=\"https:\/\/www.clarin.com\/mundo\/trump-asegura-perdido-energia-rechaza-articulo-difamatorio-pasquin-the-new-york-times_0_dR1CFOvMN1.html\" target=\"_blank\" class=\"feedzy-rss-link-icon\">Read More<\/a><\/p>","protected":false},"excerpt":{"rendered":"<p>La nota narra como la agenda del presidente se ha ido acortando y menciona ocasiones&#8230;<\/p>\n","protected":false},"author":1,"featured_media":50705,"comment_status":"open","ping_status":"open","sticky":false,"template":"","format":"standard","meta":{"footnotes":""},"categories":[4],"tags":[],"class_list":["post-50704","post","type-post","status-publish","format-standard","has-post-thumbnail","hentry","category-internacionales"],"_links":{"self":[{"href":"https:\/\/masquenoticiastucuman.com.ar\/index.php?rest_route=\/wp\/v2\/posts\/50704","targetHints":{"allow":["GET"]}}],"collection":[{"href":"https:\/\/masquenoticiastucuman.com.ar\/index.php?rest_route=\/wp\/v2\/posts"}],"about":[{"href":"https:\/\/masquenoticiastucuman.com.ar\/index.php?rest_route=\/wp\/v2\/types\/post"}],"author":[{"embeddable":true,"href":"https:\/\/masquenoticiastucuman.com.ar\/index.php?rest_route=\/wp\/v2\/users\/1"}],"replies":[{"embeddable":true,"href":"https:\/\/masquenoticiastucuman.com.ar\/index.php?rest_route=%2Fwp%2Fv2%2Fcomments&post=50704"}],"version-history":[{"count":0,"href":"https:\/\/masquenoticiastucuman.com.ar\/index.php?rest_route=\/wp\/v2\/posts\/50704\/revisions"}],"wp:featuredmedia":[{"embeddable":true,"href":"https:\/\/masquenoticiastucuman.com.ar\/index.php?rest_route=\/wp\/v2\/media\/50705"}],"wp:attachment":[{"href":"https:\/\/masquenoticiastucuman.com.ar\/index.php?rest_route=%2Fwp%2Fv2%2Fmedia&parent=50704"}],"wp:term":[{"taxonomy":"category","embeddable":true,"href":"https:\/\/masquenoticiastucuman.com.ar\/index.php?rest_route=%2Fwp%2Fv2%2Fcategories&post=50704"},{"taxonomy":"post_tag","embeddable":true,"href":"https:\/\/masquenoticiastucuman.com.ar\/index.php?rest_route=%2Fwp%2Fv2%2Ftags&post=50704"}],"curies":[{"name":"wp","href":"https:\/\/api.w.org\/{rel}","templated":true}]}}