{"id":50710,"date":"2025-11-26T14:41:49","date_gmt":"2025-11-26T17:41:49","guid":{"rendered":"http:\/\/masquenoticiastucuman.com.ar\/?p=50710"},"modified":"2025-11-26T14:41:49","modified_gmt":"2025-11-26T17:41:49","slug":"condenan-al-ex-presidente-de-peru-martin-vizcarra-a-14-anos-de-prision-por-recibir-sobornos","status":"publish","type":"post","link":"https:\/\/masquenoticiastucuman.com.ar\/?p=50710","title":{"rendered":"Condenan al ex presidente de Per\u00fa Mart\u00edn Vizcarra a 14 a\u00f1os de prisi\u00f3n por recibir sobornos"},"content":{"rendered":"<ul>\n<li>El tribunal consider\u00f3 que recibi\u00f3 m\u00e1s de 2,3 millones de soles (unos 700.000 d\u00f3lares) cuando fue gobernador de la sure\u00f1a regi\u00f3n de Moquegua (2011-2014), antes de ser jefe de Estado.<\/li>\n<li>El exmandatario sostiene que este juicio es parte de una persecuci\u00f3n para sacarlo del escenario pol\u00edtico por parte de las fuerzas conservadoras que ahora dominan el Congreso.<\/li>\n<\/ul>\n<p>\u200bEl tribunal consider\u00f3 que recibi\u00f3 m\u00e1s de 2,3 millones de soles (unos 700.000 d\u00f3lares) cuando fue gobernador de la sure\u00f1a regi\u00f3n de Moquegua (2011-2014), antes de ser jefe de Estado.El exmandatario sostiene que este juicio es parte de una persecuci\u00f3n para sacarlo del escenario pol\u00edtico por parte de las fuerzas conservadoras que ahora dominan el Congreso.\u00a0<a href=\"https:\/\/www.clarin.com\/mundo\/condenan-ex-presidente-peru-martin-vizcarra-14-anos-prision-recibir-sobornos_0_LllVcvBkcn.html\" target=\"_blank\" class=\"feedzy-rss-link-icon\">Read More<\/a><\/p>","protected":false},"excerpt":{"rendered":"<p>El tribunal consider\u00f3 que recibi\u00f3 m\u00e1s de 2,3 millones de soles (unos 700.000 d\u00f3lares) cuando&#8230;<\/p>\n","protected":false},"author":1,"featured_media":50711,"comment_status":"open","ping_status":"open","sticky":false,"template":"","format":"standard","meta":{"footnotes":""},"categories":[4],"tags":[],"class_list":["post-50710","post","type-post","status-publish","format-standard","has-post-thumbnail","hentry","category-internacionales"],"_links":{"self":[{"href":"https:\/\/masquenoticiastucuman.com.ar\/index.php?rest_route=\/wp\/v2\/posts\/50710","targetHints":{"allow":["GET"]}}],"collection":[{"href":"https:\/\/masquenoticiastucuman.com.ar\/index.php?rest_route=\/wp\/v2\/posts"}],"about":[{"href":"https:\/\/masquenoticiastucuman.com.ar\/index.php?rest_route=\/wp\/v2\/types\/post"}],"author":[{"embeddable":true,"href":"https:\/\/masquenoticiastucuman.com.ar\/index.php?rest_route=\/wp\/v2\/users\/1"}],"replies":[{"embeddable":true,"href":"https:\/\/masquenoticiastucuman.com.ar\/index.php?rest_route=%2Fwp%2Fv2%2Fcomments&post=50710"}],"version-history":[{"count":0,"href":"https:\/\/masquenoticiastucuman.com.ar\/index.php?rest_route=\/wp\/v2\/posts\/50710\/revisions"}],"wp:featuredmedia":[{"embeddable":true,"href":"https:\/\/masquenoticiastucuman.com.ar\/index.php?rest_route=\/wp\/v2\/media\/50711"}],"wp:attachment":[{"href":"https:\/\/masquenoticiastucuman.com.ar\/index.php?rest_route=%2Fwp%2Fv2%2Fmedia&parent=50710"}],"wp:term":[{"taxonomy":"category","embeddable":true,"href":"https:\/\/masquenoticiastucuman.com.ar\/index.php?rest_route=%2Fwp%2Fv2%2Fcategories&post=50710"},{"taxonomy":"post_tag","embeddable":true,"href":"https:\/\/masquenoticiastucuman.com.ar\/index.php?rest_route=%2Fwp%2Fv2%2Ftags&post=50710"}],"curies":[{"name":"wp","href":"https:\/\/api.w.org\/{rel}","templated":true}]}}