{"id":50712,"date":"2025-11-26T14:15:45","date_gmt":"2025-11-26T17:15:45","guid":{"rendered":"http:\/\/masquenoticiastucuman.com.ar\/?p=50712"},"modified":"2025-11-26T14:15:45","modified_gmt":"2025-11-26T17:15:45","slug":"atletico-de-madrid-de-julian-alvarez-vs-inter-de-lautaro-martinez-por-la-champions-league-minuto-a-minuto-en-directo","status":"publish","type":"post","link":"https:\/\/masquenoticiastucuman.com.ar\/?p=50712","title":{"rendered":"Atl\u00e9tico de Madrid de Juli\u00e1n Alvarez vs. Inter de Lautaro Mart\u00ednez, por la Champions League: minuto a minuto, en directo"},"content":{"rendered":"<ul>\n<li>El equipo de la Ara\u00f1a recibe al del Toro que lidera la fase grupos del m\u00e1ximo torneo de Europa.<\/li>\n<li>Desde las 17, por Fox Sports, Disney+ Premium.<\/li>\n<\/ul>\n<p>\u200bEl equipo de la Ara\u00f1a recibe al del Toro que lidera la fase grupos del m\u00e1ximo torneo de Europa.Desde las 17, por Fox Sports, Disney+ Premium.\u00a0<a href=\"https:\/\/www.clarin.com\/deportes\/atletico-madrid-julian-alvarez-vs-inter-lautaro-martinez-champions-league-minuto-minuto-directo_0_24TRvNZ8ID.html\" target=\"_blank\" class=\"feedzy-rss-link-icon\">Read More<\/a><\/p>","protected":false},"excerpt":{"rendered":"<p>El equipo de la Ara\u00f1a recibe al del Toro que lidera la fase grupos del&#8230;<\/p>\n","protected":false},"author":1,"featured_media":0,"comment_status":"open","ping_status":"open","sticky":false,"template":"","format":"standard","meta":{"footnotes":""},"categories":[6],"tags":[],"class_list":["post-50712","post","type-post","status-publish","format-standard","has-post-thumbnail","hentry","category-deportes"],"_links":{"self":[{"href":"https:\/\/masquenoticiastucuman.com.ar\/index.php?rest_route=\/wp\/v2\/posts\/50712","targetHints":{"allow":["GET"]}}],"collection":[{"href":"https:\/\/masquenoticiastucuman.com.ar\/index.php?rest_route=\/wp\/v2\/posts"}],"about":[{"href":"https:\/\/masquenoticiastucuman.com.ar\/index.php?rest_route=\/wp\/v2\/types\/post"}],"author":[{"embeddable":true,"href":"https:\/\/masquenoticiastucuman.com.ar\/index.php?rest_route=\/wp\/v2\/users\/1"}],"replies":[{"embeddable":true,"href":"https:\/\/masquenoticiastucuman.com.ar\/index.php?rest_route=%2Fwp%2Fv2%2Fcomments&post=50712"}],"version-history":[{"count":0,"href":"https:\/\/masquenoticiastucuman.com.ar\/index.php?rest_route=\/wp\/v2\/posts\/50712\/revisions"}],"wp:attachment":[{"href":"https:\/\/masquenoticiastucuman.com.ar\/index.php?rest_route=%2Fwp%2Fv2%2Fmedia&parent=50712"}],"wp:term":[{"taxonomy":"category","embeddable":true,"href":"https:\/\/masquenoticiastucuman.com.ar\/index.php?rest_route=%2Fwp%2Fv2%2Fcategories&post=50712"},{"taxonomy":"post_tag","embeddable":true,"href":"https:\/\/masquenoticiastucuman.com.ar\/index.php?rest_route=%2Fwp%2Fv2%2Ftags&post=50712"}],"curies":[{"name":"wp","href":"https:\/\/api.w.org\/{rel}","templated":true}]}}