{"id":50715,"date":"2025-11-26T15:30:56","date_gmt":"2025-11-26T18:30:56","guid":{"rendered":"http:\/\/masquenoticiastucuman.com.ar\/?p=50715"},"modified":"2025-11-26T15:30:56","modified_gmt":"2025-11-26T18:30:56","slug":"antonio-garamendi-presidente-de-los-empresarios-espanoles-e-iberoamericanos-el-acuerdo-ue-mercosur-da-seguridad-juridica","status":"publish","type":"post","link":"https:\/\/masquenoticiastucuman.com.ar\/?p=50715","title":{"rendered":"Antonio Garamendi, presidente de los empresarios espa\u00f1oles e iberoamericanos: \u201cEl acuerdo UE-Mercosur da seguridad jur\u00eddica\u201d"},"content":{"rendered":"<ul>\n<li>\u201cActuaciones como las que vivi\u00f3 Repsol en Argentina (expropiada durante el segundo gobierno de Cristina Kirchner) provocan que nadie quiera invertir en un pa\u00eds\u201d<\/li>\n<li>El acuerdo comercial, que lleva 25 a\u00f1os cocin\u00e1ndose a fuego lento, est\u00e1 cada vez m\u00e1s cerca de concretarse.<\/li>\n<\/ul>\n<p>\u200b\u201cActuaciones como las que vivi\u00f3 Repsol en Argentina (expropiada durante el segundo gobierno de Cristina Kirchner) provocan que nadie quiera invertir en un pa\u00eds\u201dEl acuerdo comercial, que lleva 25 a\u00f1os cocin\u00e1ndose a fuego lento, est\u00e1 cada vez m\u00e1s cerca de concretarse.\u00a0<a href=\"https:\/\/www.clarin.com\/mundo\/antonio-garamendi-presidente-empresarios-espanoles-iberoamericanos-acuerdo-ue-mercosur-da-seguridad-juridica_0_pa50PhQQD1.html\" target=\"_blank\" class=\"feedzy-rss-link-icon\">Read More<\/a><\/p>","protected":false},"excerpt":{"rendered":"<p>\u201cActuaciones como las que vivi\u00f3 Repsol en Argentina (expropiada durante el segundo gobierno de Cristina&#8230;<\/p>\n","protected":false},"author":1,"featured_media":0,"comment_status":"open","ping_status":"open","sticky":false,"template":"","format":"standard","meta":{"footnotes":""},"categories":[3],"tags":[],"class_list":["post-50715","post","type-post","status-publish","format-standard","has-post-thumbnail","hentry","category-nacionales"],"_links":{"self":[{"href":"https:\/\/masquenoticiastucuman.com.ar\/index.php?rest_route=\/wp\/v2\/posts\/50715","targetHints":{"allow":["GET"]}}],"collection":[{"href":"https:\/\/masquenoticiastucuman.com.ar\/index.php?rest_route=\/wp\/v2\/posts"}],"about":[{"href":"https:\/\/masquenoticiastucuman.com.ar\/index.php?rest_route=\/wp\/v2\/types\/post"}],"author":[{"embeddable":true,"href":"https:\/\/masquenoticiastucuman.com.ar\/index.php?rest_route=\/wp\/v2\/users\/1"}],"replies":[{"embeddable":true,"href":"https:\/\/masquenoticiastucuman.com.ar\/index.php?rest_route=%2Fwp%2Fv2%2Fcomments&post=50715"}],"version-history":[{"count":0,"href":"https:\/\/masquenoticiastucuman.com.ar\/index.php?rest_route=\/wp\/v2\/posts\/50715\/revisions"}],"wp:attachment":[{"href":"https:\/\/masquenoticiastucuman.com.ar\/index.php?rest_route=%2Fwp%2Fv2%2Fmedia&parent=50715"}],"wp:term":[{"taxonomy":"category","embeddable":true,"href":"https:\/\/masquenoticiastucuman.com.ar\/index.php?rest_route=%2Fwp%2Fv2%2Fcategories&post=50715"},{"taxonomy":"post_tag","embeddable":true,"href":"https:\/\/masquenoticiastucuman.com.ar\/index.php?rest_route=%2Fwp%2Fv2%2Ftags&post=50715"}],"curies":[{"name":"wp","href":"https:\/\/api.w.org\/{rel}","templated":true}]}}